{"id":50914,"date":"2024-08-07T09:22:35","date_gmt":"2024-08-07T12:22:35","guid":{"rendered":"https:\/\/www.radiopresidenteibanez.cl\/web\/?p=50914"},"modified":"2024-08-29T09:24:50","modified_gmt":"2024-08-29T12:24:50","slug":"ley-karin-seremi-del-trabajo-y-prevision-social-de-magallanes-realiza-charla-magistral-en-empresa-portuaria-austral","status":"publish","type":"post","link":"https:\/\/www.radiopresidenteibanez.cl\/web\/ley-karin-seremi-del-trabajo-y-prevision-social-de-magallanes-realiza-charla-magistral-en-empresa-portuaria-austral\/","title":{"rendered":"Ley Karin: Seremi del Trabajo y Previsi\u00f3n Social de Magallanes realiza charla magistral en Empresa Portuaria Austral"},"content":{"rendered":"\n<p>Con el objetivo de dar a conocer a las y los trabajadores sobre los principales alcances y<br>detalles de la nueva legislaci\u00f3n sobre prevenci\u00f3n, investigaci\u00f3n y sanci\u00f3n del acoso laboral,<br>sexual o de violencia en el trabajo, la Empresa Portuaria Austral recibi\u00f3 la visita de la Seremi<br>del Trabajo y Previsi\u00f3n Social de Magallanes, Doris Sandoval.<br>La autoridad regional realiz\u00f3 una charla magistral en el Terminal Arturo Prat de Punta<br>Arenas. Acompa\u00f1ada del Director Regional del Instituto de Seguridad Laboral, Marcelo<br>Avenda\u00f1o, la Seremi expuso el contexto en el cual se discuti\u00f3 la nueva normativa, conocida<br>como Ley Karin, las definiciones que entrega y la forma en la cual las y los trabajadores<br>pueden actuar ante este tipo de situaciones, todo en el contexto de la entrada en vigencia<br>de la ley el pasado 01 de agosto.<br>\u201cFue una instancia muy provechosa para poder comunicar cu\u00e1les son los alcances de la ley,<br>principalmente los principios que est\u00e1n detr\u00e1s de esto. Como Empresa Portuaria Austral<br>estamos haciendo un importante esfuerzo en adaptarnos y tratar de cumplir con los m\u00e1s<br>altos est\u00e1ndares en t\u00e9rminos de conciliaci\u00f3n de la vida laboral, y estamos apuntando a<br>tratar de tener un ambiente de trabajo donde firme el respeto, el di\u00e1logo, la igualdad, la<br>participaci\u00f3n y la colaboraci\u00f3n\u201d, expres\u00f3 el Gerente General de la EPAUSTRAL, Miguel Palma<br>Morales.<br>Por su parte, la Seremi del Trabajo y Previsi\u00f3n Social de Magallanes, Doris Sandoval, destac\u00f3<br>que la invitaci\u00f3n de la Empresa Portuaria Austral para dictar esta charla magistral sobre la<br>Ley Karin fue la primera desde el inicio de la aplicaci\u00f3n de la norma.<br>\u201cHa sido muy significativo compartir aqu\u00ed en la Empresa Portuaria Austral, porque le damos<br>la bienvenida como pa\u00eds y como Regi\u00f3n de Magallanes a esta nueva normativa laboral que<br>nos pone un est\u00e1ndar distinto en derechos laborales\u201d, se\u00f1al\u00f3 la autoridad regional.<br>Para conocer m\u00e1s detalles sobre la ley, les invitamos a revisar nuestro sitio web, en la<br>secci\u00f3n Canal de Denuncias Ley Karin.<\/p>\n","protected":false},"excerpt":{"rendered":"<p>Con el objetivo de dar a conocer a las y los trabajadores sobre los principales alcances ydetalles de la nueva legislaci\u00f3n sobre prevenci\u00f3n, investigaci\u00f3n y sanci\u00f3n del acoso laboral,sexual o&#8230; <a class=\"read-more\" href=\"https:\/\/www.radiopresidenteibanez.cl\/web\/ley-karin-seremi-del-trabajo-y-prevision-social-de-magallanes-realiza-charla-magistral-en-empresa-portuaria-austral\/\">Leer m\u00e1s<\/a><\/p>\n","protected":false},"author":2,"featured_media":50915,"comment_status":"closed","ping_status":"closed","sticky":false,"template":"","format":"standard","meta":{"footnotes":""},"categories":[1],"tags":[],"class_list":["post-50914","post","type-post","status-publish","format-standard","has-post-thumbnail","hentry","category-cronica"],"_links":{"self":[{"href":"https:\/\/www.radiopresidenteibanez.cl\/web\/wp-json\/wp\/v2\/posts\/50914","targetHints":{"allow":["GET"]}}],"collection":[{"href":"https:\/\/www.radiopresidenteibanez.cl\/web\/wp-json\/wp\/v2\/posts"}],"about":[{"href":"https:\/\/www.radiopresidenteibanez.cl\/web\/wp-json\/wp\/v2\/types\/post"}],"author":[{"embeddable":true,"href":"https:\/\/www.radiopresidenteibanez.cl\/web\/wp-json\/wp\/v2\/users\/2"}],"replies":[{"embeddable":true,"href":"https:\/\/www.radiopresidenteibanez.cl\/web\/wp-json\/wp\/v2\/comments?post=50914"}],"version-history":[{"count":0,"href":"https:\/\/www.radiopresidenteibanez.cl\/web\/wp-json\/wp\/v2\/posts\/50914\/revisions"}],"wp:featuredmedia":[{"embeddable":true,"href":"https:\/\/www.radiopresidenteibanez.cl\/web\/wp-json\/wp\/v2\/media\/50915"}],"wp:attachment":[{"href":"https:\/\/www.radiopresidenteibanez.cl\/web\/wp-json\/wp\/v2\/media?parent=50914"}],"wp:term":[{"taxonomy":"category","embeddable":true,"href":"https:\/\/www.radiopresidenteibanez.cl\/web\/wp-json\/wp\/v2\/categories?post=50914"},{"taxonomy":"post_tag","embeddable":true,"href":"https:\/\/www.radiopresidenteibanez.cl\/web\/wp-json\/wp\/v2\/tags?post=50914"}],"curies":[{"name":"wp","href":"https:\/\/api.w.org\/{rel}","templated":true}]}}