{"id":50865,"date":"2024-08-27T15:43:53","date_gmt":"2024-08-27T18:43:53","guid":{"rendered":"https:\/\/www.radiopresidenteibanez.cl\/web\/?p=50865"},"modified":"2024-08-27T15:43:59","modified_gmt":"2024-08-27T18:43:59","slug":"magallanes-conocio-documental-tierra-de-nadie-que-revive-desaparicion-de-silvio-bettancourt","status":"publish","type":"post","link":"https:\/\/www.radiopresidenteibanez.cl\/web\/magallanes-conocio-documental-tierra-de-nadie-que-revive-desaparicion-de-silvio-bettancourt\/","title":{"rendered":"MAGALLANES CONOCI\u00d3 DOCUMENTAL \u201cTIERRA DE NADIE\u201d QUE REVIVE DESAPARICI\u00d3N DE SILVIO BETTANCOURT"},"content":{"rendered":"\n<p>El jueves 22, en el marco de la visita a Punta Arenas del equipo del Plan Nacional de B\u00fasqueda,<br>Verdad y Justicia, la comunidad magall\u00e1nica pudo conocer el documental \u201cTierra de Nadie\u201d, de<br>Pascal Baumgartner, emotivo registro centrado en la historia de Silvio Bettancourt Bahamonde,<br>\u00fanico detenido desaparecido calificado en Magallanes en el Informe Rettig, y que fue exhibido en<br>la sala de cine del Mall \u201cEspacio Urbano Pionero\u201d.<br>La actividad se enmarc\u00f3 adem\u00e1s en una nueva conmemoraci\u00f3n del D\u00eda del Detenido<br>Desaparecido, y cont\u00f3 con la presencia de Jenny Bettancourt Bahamonde, hermana menor de<br>Silvio, junto a Paulina Zamorano Valenzuela, Jefa del Programa de Derechos Humanos de la<br>Subsecretar\u00eda del ramo.<br>Como organizadora de esta instancia de memoria, la Seremi de Justicia y DD.HH., Michelle Peutat<br>Alvarado, se\u00f1al\u00f3 al abrir la funci\u00f3n que este filme sigue a Jenny Bettancourt en su b\u00fasqueda por<br>seguir el camino que debi\u00f3 recorrer su hermano Silvio Francisco, tambi\u00e9n conocido como<br>\u201cPancho\u201d por sus amigos, buscando la verdad detr\u00e1s de su desaparici\u00f3n. Nacido en Santiago, tras<br>vivir su infancia y adolescencia en San Antonio, \u201clleg\u00f3 a Punta Arenas a los 17 a\u00f1os para cursar sus<br>estudios superiores en la Universidad T\u00e9cnica del Estado, actual Universidad de Magallanes desde<br>donde se gradu\u00f3 de ingeniero en ejecuci\u00f3n en petroqu\u00edmica. Ten\u00eda 23 a\u00f1os cuando despareci\u00f3\u201d.<br>Agreg\u00f3 que trabajaba en la Empresa Nacional del Petr\u00f3leo y era ampliamente buscado por las<br>autoridades militares sin dejar rastro de la zona por su vinculaci\u00f3n con el MAPU. Desapareci\u00f3<br>mientras intentaba escapar a pie hasta R\u00edo Gallegos y se cree que fue interceptado, interrogado y<br>torturado por agentes del Estado en alg\u00fan recinto de Punta Arenas, donde presumiblemente fue<br>asesinado.<br>Al t\u00e9rmino de la exhibici\u00f3n, Jenny Bettancourt comparti\u00f3 un di\u00e1logo con las y los asistentes, en el<br>cual agradeci\u00f3 el apoyo que ha recibido de parte de funcionarios y funcionarias del Plan Nacional<br>de B\u00fasqueda. Respecto al filme, destac\u00f3 la iniciativa del realizador suizo, quien al no quedar<br>conforme con un documental que grafic\u00f3 el apoyo y rol de la Cruz Roja en materia de detenidos<br>desaparecidos en el mundo, se propuso seguir la historia de una familia de un pa\u00eds: \u201cy dijo, al final,<br>me voy a quedar con el caso de Francisco, que es un caso emblem\u00e1tico y representa toda la<br>desaparici\u00f3n forzada en todos sus puntos\u201d.<\/p>\n\n\n\n<p>La trama se centra en uno de los viajes a Chile que hizo Jenny, en el 2008, y las visitas que realiz\u00f3<br>al Cementerio de Santiago, a la Casa de la Memoria Sola Sierra, y a los tr\u00e1mites y entrevistas que<br>sostuvo a su paso por Punta Arenas con autoridades regionales, amigos y ex compa\u00f1eros de Silvio.<br>All\u00ed, una entrevista en radio Polar, en la que una conmovida auditora le relata otro caso de<br>presunta desaparici\u00f3n forzada.<br>Pese a no obtener rastros, Jenny Bettancourt refiri\u00f3 que \u201chay dos casos m\u00e1s de desaparici\u00f3n han<br>venido despu\u00e9s: el caso Harex y el de Irma (Sol\u00eds), y si volvemos al pasado, en 1973 hay otro caso y<br>el de la pel\u00edcula, de un militar que lo tomaron porque ayud\u00f3 a los prisioneros. Es la punta de<br>iceberg, todav\u00eda no sabemos, pero hay muchos m\u00e1s en Magallanes\u201d.<br>\u201cHay una herida abierta 51 a\u00f1os y justamente ese es el crimen, cuando desaparece una persona,<br>como uno no ve el cuerpo no puede tocarlo, no puede decirle a Dios, no hay duelo, por eso es lo<br>m\u00e1s terrible la desaparici\u00f3n forzada\u201d, manifest\u00f3. Por ello, s\u00f3lo espera que nunca m\u00e1s se repita en<br>Chile un crimen de lesa humanidad, como el de su hermano, \u201cporque uno no hace duelo y sigue<br>sufriendo infinitamente\u201d.<br>Paulina Zamorano, Jefa del Programa de Derechos Humanos, destac\u00f3 la importancia de estar en la<br>regi\u00f3n para poder conversar y tener un espacio de encuentro en torno al Plan Nacional de<br>B\u00fasqueda, principalmente para presentar sus avances y desaf\u00edos. Al respecto, valor\u00f3 la realizaci\u00f3n<br>de un seminario y un ejercicio de memoria y de educaci\u00f3n, a trav\u00e9s de la exhibici\u00f3n de un<br>documental: \u201ces muy importante generar estos espacios, donde se pueda tambi\u00e9n presentar a la<br>comunidad el Plan, pero a trav\u00e9s de la historia contada de una de las v\u00edctimas de desaparici\u00f3n<br>forzada, que es Francisco Bettancourt, y tambi\u00e9n la experiencia de su hermana. Que pueda ella<br>se\u00f1alar todo el proceso que han podido vivir ellos como familiares, en torno a las b\u00fasquedas y a la<br>lucha por la verdad y la justicia\u201d.<\/p>\n","protected":false},"excerpt":{"rendered":"<p>El jueves 22, en el marco de la visita a Punta Arenas del equipo del Plan Nacional de B\u00fasqueda,Verdad y Justicia, la comunidad magall\u00e1nica pudo conocer el documental \u201cTierra de&#8230; <a class=\"read-more\" href=\"https:\/\/www.radiopresidenteibanez.cl\/web\/magallanes-conocio-documental-tierra-de-nadie-que-revive-desaparicion-de-silvio-bettancourt\/\">Leer m\u00e1s<\/a><\/p>\n","protected":false},"author":2,"featured_media":50866,"comment_status":"closed","ping_status":"closed","sticky":false,"template":"","format":"standard","meta":{"footnotes":""},"categories":[1],"tags":[],"class_list":["post-50865","post","type-post","status-publish","format-standard","has-post-thumbnail","hentry","category-cronica"],"_links":{"self":[{"href":"https:\/\/www.radiopresidenteibanez.cl\/web\/wp-json\/wp\/v2\/posts\/50865","targetHints":{"allow":["GET"]}}],"collection":[{"href":"https:\/\/www.radiopresidenteibanez.cl\/web\/wp-json\/wp\/v2\/posts"}],"about":[{"href":"https:\/\/www.radiopresidenteibanez.cl\/web\/wp-json\/wp\/v2\/types\/post"}],"author":[{"embeddable":true,"href":"https:\/\/www.radiopresidenteibanez.cl\/web\/wp-json\/wp\/v2\/users\/2"}],"replies":[{"embeddable":true,"href":"https:\/\/www.radiopresidenteibanez.cl\/web\/wp-json\/wp\/v2\/comments?post=50865"}],"version-history":[{"count":0,"href":"https:\/\/www.radiopresidenteibanez.cl\/web\/wp-json\/wp\/v2\/posts\/50865\/revisions"}],"wp:featuredmedia":[{"embeddable":true,"href":"https:\/\/www.radiopresidenteibanez.cl\/web\/wp-json\/wp\/v2\/media\/50866"}],"wp:attachment":[{"href":"https:\/\/www.radiopresidenteibanez.cl\/web\/wp-json\/wp\/v2\/media?parent=50865"}],"wp:term":[{"taxonomy":"category","embeddable":true,"href":"https:\/\/www.radiopresidenteibanez.cl\/web\/wp-json\/wp\/v2\/categories?post=50865"},{"taxonomy":"post_tag","embeddable":true,"href":"https:\/\/www.radiopresidenteibanez.cl\/web\/wp-json\/wp\/v2\/tags?post=50865"}],"curies":[{"name":"wp","href":"https:\/\/api.w.org\/{rel}","templated":true}]}}