{"id":50817,"date":"2024-08-26T09:24:00","date_gmt":"2024-08-26T12:24:00","guid":{"rendered":"https:\/\/www.radiopresidenteibanez.cl\/web\/?p=50817"},"modified":"2024-08-26T08:33:10","modified_gmt":"2024-08-26T11:33:10","slug":"participacion-en-la-consulta-sobre-el-anteproyecto-del-plan-de-adaptacion-al-cambio-climatico-en-recursos-hidricos-finaliza-el-6-de-septiembre","status":"publish","type":"post","link":"https:\/\/www.radiopresidenteibanez.cl\/web\/participacion-en-la-consulta-sobre-el-anteproyecto-del-plan-de-adaptacion-al-cambio-climatico-en-recursos-hidricos-finaliza-el-6-de-septiembre\/","title":{"rendered":"PARTICIPACION EN LA CONSULTA SOBRE EL ANTEPROYECTO DEL PLAN DE ADAPTACION AL CAMBIO CLIMATICO EN RECURSOS HIDRICOS FINALIZA EL 6 DE SEPTIEMBRE"},"content":{"rendered":"\n<p>A\u00fan hay tiempo para participar en la consulta ciudadana del Anteproyecto del Plan Adaptaci\u00f3n al<br>Cambio Clim\u00e1tico para el sector de los Recursos H\u00eddricos, que lidera la Direcci\u00f3n General de Aguas<br>del MOP en colaboraci\u00f3n con la Organizaci\u00f3n de las Naciones Unidas para la Alimentaci\u00f3n y la<br>Agricultura (FAO) y con financiamiento del Fondo Verde del Clima.<br>El Seremi de Obras P\u00fablicas, Jos\u00e9 Luis Hern\u00e1ndez, dijo que el documento, que comenz\u00f3 su<br>elaboraci\u00f3n en 2023, considera un an\u00e1lisis exhaustivo de los efectos adversos del cambio clim\u00e1tico<br>y riesgos asociados para el sector, a partir de evidencia t\u00e9cnica e insumos derivados de la<br>participaci\u00f3n temprana en que contribuyeron comunidades de los diversos territorios del pa\u00eds.<br>Este anteproyecto define 4 l\u00edneas estrat\u00e9gicas: reducci\u00f3n del riesgo, promoci\u00f3n de normativas<br>para la resiliencia, conocimientos para la adaptaci\u00f3n, y financiamiento y mecanismos de<br>implementaci\u00f3n y seguimiento clim\u00e1tico, defini\u00e9ndose 11 medidas y 30 acciones propuestas.<br>Para que la ciudadan\u00eda realice sus observaciones, hasta el 6 de septiembre de 2024 estar\u00e1<br>disponible un formulario en la p\u00e1gina web dga.mop.gob.cl o presencialmente en las oficinas de la<br>Direcci\u00f3n Regional de la DGA de Magallanes.<br>El director general de Aguas del MOP, Rodrigo Sanhueza, se\u00f1al\u00f3 que \u201csabemos que uno de los<br>principales impactos del cambio clim\u00e1tico para Chile va a ser la menor disponibilidad de las aguas,<br>por lo tanto, tenemos que prepararnos. Este plan presenta soluciones para las y los distintos<br>actores, por lo que hago un llamado a su participaci\u00f3n en esta consulta ciudadana, que permita<br>que construyamos juntos un plan de adaptaci\u00f3n para el pa\u00eds, consistente y robusto para nuestra<br>seguridad h\u00eddrica\u201d.<br>A su vez, la representante de la FAO en Chile, Eve Crowley, indic\u00f3 que \u201cel cambio clim\u00e1tico es un<br>problema real que amenaza la seguridad h\u00eddrica, la estabilidad ecol\u00f3gica y la seguridad alimentaria en todo el mundo, y Chile no est\u00e1 ajeno a esa realidad. Por lo tanto, la participaci\u00f3n de la ciudadan\u00eda es fundamental en este instrumento de gesti\u00f3n clim\u00e1tica, no s\u00f3lo porque constituye un derecho ciudadano, sino porque es la base para la elaboraci\u00f3n de un plan efectivo y sostenible que avance hacia la seguridad h\u00eddrica del pa\u00eds\u201d.<br>Desde que parti\u00f3 la consulta ciudadana, el 12 de junio pasado, se han realizado encuentros<br>virtuales con la comunidad de las 4 macrozonas del pa\u00eds y con mujeres y personas pertenecientes<br>a los 11 pueblos ind\u00edgenas reconocidos por ley, as\u00ed como un taller con expertas y expertos en<br>cambio clim\u00e1tico.<br>Adem\u00e1s, el pasado jueves 8 de agosto, se celebr\u00f3 un encuentro de car\u00e1cter presencial en la FAO y<br>transmitido v\u00eda streaming a todo el pa\u00eds, que cont\u00f3 con un panel de conversaci\u00f3n integrado por la<br>jefa de la Divisi\u00f3n de Estudios y Planificaci\u00f3n de la DGA, Andrea Osses; la jefa del Departamento de Adaptaci\u00f3n Cambio Clim\u00e1tico del Ministerio de Medio Ambiente, Maritza Jadrijevic; la coordinadora del Plan por parte de la FAO, Irene Bernaus; el director del Centro de Cambio Global<br>de UC, que lidera a un grupo de universidades que participan de la consultor\u00eda de apoyo al Plan,<br>Sebasti\u00e1n Vicu\u00f1a y la coordinadora de la Actualizaci\u00f3n del Plan Sectorial de Mitigaci\u00f3n y<br>Adaptaci\u00f3n al Cambio Clim\u00e1tico de Infraestructura de la Direcci\u00f3n General de Obras P\u00fablicas del<br>MOP, Evelyne Medel.<br>A la fecha, un 72% de las y los participantes de la consulta ciudadana pertenecen a \u00e1reas urbanas y solo un 28% a zonas rurales. A su vez, predomina la participaci\u00f3n masculina con un 60% versus el 38% de mujeres, y un 2% no define g\u00e9nero. De un total de 107 personas que han aportado con sus observaciones en la consulta, un 16% se define como perteneciente a un pueblo ind\u00edgena.<\/p>\n","protected":false},"excerpt":{"rendered":"<p>A\u00fan hay tiempo para participar en la consulta ciudadana del Anteproyecto del Plan Adaptaci\u00f3n alCambio Clim\u00e1tico para el sector de los Recursos H\u00eddricos, que lidera la Direcci\u00f3n General de Aguasdel&#8230; <a class=\"read-more\" href=\"https:\/\/www.radiopresidenteibanez.cl\/web\/participacion-en-la-consulta-sobre-el-anteproyecto-del-plan-de-adaptacion-al-cambio-climatico-en-recursos-hidricos-finaliza-el-6-de-septiembre\/\">Leer m\u00e1s<\/a><\/p>\n","protected":false},"author":2,"featured_media":50818,"comment_status":"closed","ping_status":"closed","sticky":false,"template":"","format":"standard","meta":{"footnotes":""},"categories":[1],"tags":[],"class_list":["post-50817","post","type-post","status-publish","format-standard","has-post-thumbnail","hentry","category-cronica"],"_links":{"self":[{"href":"https:\/\/www.radiopresidenteibanez.cl\/web\/wp-json\/wp\/v2\/posts\/50817","targetHints":{"allow":["GET"]}}],"collection":[{"href":"https:\/\/www.radiopresidenteibanez.cl\/web\/wp-json\/wp\/v2\/posts"}],"about":[{"href":"https:\/\/www.radiopresidenteibanez.cl\/web\/wp-json\/wp\/v2\/types\/post"}],"author":[{"embeddable":true,"href":"https:\/\/www.radiopresidenteibanez.cl\/web\/wp-json\/wp\/v2\/users\/2"}],"replies":[{"embeddable":true,"href":"https:\/\/www.radiopresidenteibanez.cl\/web\/wp-json\/wp\/v2\/comments?post=50817"}],"version-history":[{"count":0,"href":"https:\/\/www.radiopresidenteibanez.cl\/web\/wp-json\/wp\/v2\/posts\/50817\/revisions"}],"wp:featuredmedia":[{"embeddable":true,"href":"https:\/\/www.radiopresidenteibanez.cl\/web\/wp-json\/wp\/v2\/media\/50818"}],"wp:attachment":[{"href":"https:\/\/www.radiopresidenteibanez.cl\/web\/wp-json\/wp\/v2\/media?parent=50817"}],"wp:term":[{"taxonomy":"category","embeddable":true,"href":"https:\/\/www.radiopresidenteibanez.cl\/web\/wp-json\/wp\/v2\/categories?post=50817"},{"taxonomy":"post_tag","embeddable":true,"href":"https:\/\/www.radiopresidenteibanez.cl\/web\/wp-json\/wp\/v2\/tags?post=50817"}],"curies":[{"name":"wp","href":"https:\/\/api.w.org\/{rel}","templated":true}]}}