{"id":50805,"date":"2024-08-25T14:15:57","date_gmt":"2024-08-25T17:15:57","guid":{"rendered":"https:\/\/www.radiopresidenteibanez.cl\/web\/?p=50805"},"modified":"2024-08-25T14:16:03","modified_gmt":"2024-08-25T17:16:03","slug":"14-trabajadores-de-asmar-certifican-sus-competencias-como-instaladores-electricos-y-de-gas","status":"publish","type":"post","link":"https:\/\/www.radiopresidenteibanez.cl\/web\/14-trabajadores-de-asmar-certifican-sus-competencias-como-instaladores-electricos-y-de-gas\/","title":{"rendered":"14 trabajadores de Asmar certifican sus competencias como instaladores electricos y de gas"},"content":{"rendered":"\n<p>En dependencias de la empresa Astilleros y Maestranzas de<br>la Armada de Chile (Asmar) Magallanes se desarroll\u00f3 la ceremonia de certificaci\u00f3n de<br>competencias laborales de 14 trabajadores en los perfiles de Instalador El\u00e9ctrico Clase D e<br>Instalador de Gas Clase 3 de ChileValora, servicio dependiente del Ministerio del Trabajo y<br>Previsi\u00f3n Social.<br>Se trata de un total de 8 instaladores el\u00e9ctricos y 6 instaladores de gas, cuyo proceso de<br>evaluaci\u00f3n fue financiado y ejecutado por la empresa Asmar Magallanes durante el pasado mes de<br>junio, tras lo cual se realiz\u00f3 esta entrega oficial de los correspondientes certificados.<br>En palabras de la Seremi del Trabajo, Doris Sandoval Miranda, \u201chemos acudido a un nuevo<br>proceso de certificaci\u00f3n de competencias laborales, en esta ocasi\u00f3n, para 14 trabajadores que<br>operan en la empresa Asmar Magallanes. Estamos muy orgullosas de este nuevo grupo de<br>personas que han confiado en ChileValora para acreditar sus conocimientos y obtener este tan<br>importante certificado que, sobre todo, les otorga una validaci\u00f3n de su experiencia y les abre<br>nuevas expectativas de crecimiento laboral. Agradecemos, tambi\u00e9n, la iniciativa de Asmar que<br>tuvo la visi\u00f3n de otorgar a sus trabajadores la oportunidad de certificarse, entreg\u00e1ndoles as\u00ed una<br>herramienta concreta para sus trayectorias laborales, aplaudimos esa iniciativa y esperamos que<br>m\u00e1s empresas se sumen a aquello\u201d.<br>En ese sentido, el Capit\u00e1n de Nav\u00edo y administrador de Asmar Magallanes, Gonzalo Mitrovich,<br>se\u00f1al\u00f3 la importancia de entregar esta certificaci\u00f3n a sus trabajadores en pos del futuro<br>productivo de la zona.<br>\u201cPara nosotros es muy importante, pensando en los desaf\u00edos futuros de la regi\u00f3n en relaci\u00f3n al<br>desarrollo de hidr\u00f3geno verde y otras industrias que se est\u00e1n desarrollando en la zona, en los<br>cuales nosotros, como astillero, estamos interesados en poder aportar al desarrollo de esta<br>cadena de valor de la regi\u00f3n. Para lograr eso es importante capacitar a nuestros colaboradores y,<br>m\u00e1s que capacitar, poder certificar esas competencias para que efectivamente se pueda entregar<br>calidad en la ejecuci\u00f3n de los servicios que entregamos. As\u00ed que muy contentos que esto se haya<br>concretado\u201d, destac\u00f3.<br>\u201cEs importante saber de un tema, ser experto, pero es mucho m\u00e1s importante, en el \u00e1mbito de<br>seguridad y profesional, tener una certificaci\u00f3n. Hoy d\u00eda, ChileValora y Asmar nos dieron la<\/p>\n\n\n\n<p>posibilidad de certificarnos. La certificaci\u00f3n la llevamos mediante SEC y no solamente nos sirve en<br>el \u00e1mbito de proyecci\u00f3n laboral, si uno quisiera trabajar afuera tambi\u00e9n lo puede hacer y creo que<br>es una buena instancia para seguir aprendiendo, por eso, invitar a todos a que se sigan<br>perfeccionando\u201d, reflexion\u00f3 Enrique D\u00edaz, trabajador de Asmar, certificado en Instalaciones de Gas<br>Clase 3.<br>Por su parte, Jos\u00e9 Chac\u00f3n, trabajador certificado como instalador el\u00e9ctrico, se\u00f1al\u00f3 que \u201cesta<br>certificaci\u00f3n es algo muy importante para todos nosotros, porque nos ayuda a mejorar nuestras<br>competencias laborales, para enfrentar los desaf\u00edos que se vienen en nuestra planta y prepararnos<br>para el futuro, porque se nos vienen grandes desaf\u00edos en la regi\u00f3n y nosotros en la empresa<br>estamos preparados para enfrentar estos nuevos desaf\u00edos. El personal que tenemos en la planta<br>est\u00e1 capacitado, pero nos hac\u00eda falta la certificaci\u00f3n para reconocer la experiencia laboral que<br>tenemos\u201d.<br>Por \u00faltimo, la vicepresidenta del directorio de ChileValora, Andrea Marchant, explic\u00f3 que:<br>\u201cEstamos aqu\u00ed en la planta de Asmar Magallanes, certificando a instaladores el\u00e9ctricos y de gas.<br>Junto con la Seremi del Trabajo, vivimos una bonita ceremonia. En Chile necesitamos llegar a<br>todos los territorios para certificar a m\u00e1s trabajadores de nuestro pa\u00eds. Eso significa valor,<br>empleabilidad y pertinencia a las necesidades de la regi\u00f3n\u201d.<br>La invitaci\u00f3n de ChileValora y del ministerio del Trabajo es a que m\u00e1s empresas se sumen a este<br>llamado que, finalmente, representa crecimiento y puesta en valor de sus trabajadores y de la<br>labor que desempe\u00f1an para la regi\u00f3n.<\/p>\n","protected":false},"excerpt":{"rendered":"<p>En dependencias de la empresa Astilleros y Maestranzas dela Armada de Chile (Asmar) Magallanes se desarroll\u00f3 la ceremonia de certificaci\u00f3n decompetencias laborales de 14 trabajadores en los perfiles de Instalador&#8230; <a class=\"read-more\" href=\"https:\/\/www.radiopresidenteibanez.cl\/web\/14-trabajadores-de-asmar-certifican-sus-competencias-como-instaladores-electricos-y-de-gas\/\">Leer m\u00e1s<\/a><\/p>\n","protected":false},"author":2,"featured_media":50806,"comment_status":"closed","ping_status":"closed","sticky":false,"template":"","format":"standard","meta":{"footnotes":""},"categories":[1],"tags":[],"class_list":["post-50805","post","type-post","status-publish","format-standard","has-post-thumbnail","hentry","category-cronica"],"_links":{"self":[{"href":"https:\/\/www.radiopresidenteibanez.cl\/web\/wp-json\/wp\/v2\/posts\/50805","targetHints":{"allow":["GET"]}}],"collection":[{"href":"https:\/\/www.radiopresidenteibanez.cl\/web\/wp-json\/wp\/v2\/posts"}],"about":[{"href":"https:\/\/www.radiopresidenteibanez.cl\/web\/wp-json\/wp\/v2\/types\/post"}],"author":[{"embeddable":true,"href":"https:\/\/www.radiopresidenteibanez.cl\/web\/wp-json\/wp\/v2\/users\/2"}],"replies":[{"embeddable":true,"href":"https:\/\/www.radiopresidenteibanez.cl\/web\/wp-json\/wp\/v2\/comments?post=50805"}],"version-history":[{"count":0,"href":"https:\/\/www.radiopresidenteibanez.cl\/web\/wp-json\/wp\/v2\/posts\/50805\/revisions"}],"wp:featuredmedia":[{"embeddable":true,"href":"https:\/\/www.radiopresidenteibanez.cl\/web\/wp-json\/wp\/v2\/media\/50806"}],"wp:attachment":[{"href":"https:\/\/www.radiopresidenteibanez.cl\/web\/wp-json\/wp\/v2\/media?parent=50805"}],"wp:term":[{"taxonomy":"category","embeddable":true,"href":"https:\/\/www.radiopresidenteibanez.cl\/web\/wp-json\/wp\/v2\/categories?post=50805"},{"taxonomy":"post_tag","embeddable":true,"href":"https:\/\/www.radiopresidenteibanez.cl\/web\/wp-json\/wp\/v2\/tags?post=50805"}],"curies":[{"name":"wp","href":"https:\/\/api.w.org\/{rel}","templated":true}]}}