{"id":5079,"date":"2019-06-15T18:39:50","date_gmt":"2019-06-15T18:39:50","guid":{"rendered":"http:\/\/www.radiopresidenteibanez.cl\/web\/?p=5079"},"modified":"2019-06-15T18:40:06","modified_gmt":"2019-06-15T18:40:06","slug":"accidente-carretero-entre-camion-y-bus-dejo-a-tres-personas-fallecidas-y-cerca-de-40-heridos","status":"publish","type":"post","link":"https:\/\/www.radiopresidenteibanez.cl\/web\/accidente-carretero-entre-camion-y-bus-dejo-a-tres-personas-fallecidas-y-cerca-de-40-heridos\/","title":{"rendered":"ACCIDENTE CARRETERO ENTRE CAMI\u00d3N Y BUS, DEJO A TRES PERSONAS FALLECIDAS Y CERCA DE 40 HERIDOS"},"content":{"rendered":"\n<p>En horas de esta tarde un bus de la empresa Bus \u2013 Sur, que\nviajaba en direcci\u00f3n a Puerto Natales, impact\u00f3 de frente con un cami\u00f3n, en el\nsector de Morro Chico, en la oportunidad tres personas resultaron fallecidas,\nsiendo, el conductor y auxiliar del bus, y chofer del cami\u00f3n.<\/p>\n\n\n\n<p>En la oportunidad al interior del bus viajaba una delegaci\u00f3n\nde j\u00f3venes que iban a participar de un campeonato de basketball a la capital\nnatalina, los cuales solo sufrieron lesiones de car\u00e1cter leves y est\u00e1n siendo\natendido y trasladados a los centros asistenciales de Punta Arenas y Puerto\nNatales por Personal del Samu.<\/p>\n\n\n\n<p>Bomberos y Carabineros tambi\u00e9n se encuentran trabajando en\nel lugar, por su parte tambi\u00e9n se sumo la unidad Aero policial del personal\npolicial.<\/p>\n\n\n\n<p>Por su parte la empresa Bus Sur, dispuso de dos buses para trasladar hasta Punta Arenas a las personas que se encuentran sin lesiones.<\/p>\n\n\n\n<figure class=\"wp-block-image\"><img loading=\"lazy\" decoding=\"async\" width=\"900\" height=\"675\" src=\"https:\/\/www.radiopresidenteibanez.cl\/web\/wp-content\/uploads\/2019\/06\/WhatsApp-Image-2019-06-15-at-15.04.38.jpeg\" alt=\"\" class=\"wp-image-5080\" srcset=\"https:\/\/www.radiopresidenteibanez.cl\/web\/wp-content\/uploads\/2019\/06\/WhatsApp-Image-2019-06-15-at-15.04.38.jpeg 900w, https:\/\/www.radiopresidenteibanez.cl\/web\/wp-content\/uploads\/2019\/06\/WhatsApp-Image-2019-06-15-at-15.04.38-300x225.jpeg 300w, https:\/\/www.radiopresidenteibanez.cl\/web\/wp-content\/uploads\/2019\/06\/WhatsApp-Image-2019-06-15-at-15.04.38-768x576.jpeg 768w\" sizes=\"auto, (max-width: 900px) 100vw, 900px\" \/><\/figure>\n","protected":false},"excerpt":{"rendered":"<p>En horas de esta tarde un bus de la empresa Bus \u2013 Sur, que viajaba en direcci\u00f3n a Puerto Natales, impact\u00f3 de frente con un cami\u00f3n, en el sector de&#8230; <a class=\"read-more\" href=\"https:\/\/www.radiopresidenteibanez.cl\/web\/accidente-carretero-entre-camion-y-bus-dejo-a-tres-personas-fallecidas-y-cerca-de-40-heridos\/\">Leer m\u00e1s<\/a><\/p>\n","protected":false},"author":2,"featured_media":5080,"comment_status":"closed","ping_status":"closed","sticky":false,"template":"","format":"standard","meta":{"footnotes":""},"categories":[1],"tags":[],"class_list":["post-5079","post","type-post","status-publish","format-standard","has-post-thumbnail","hentry","category-cronica"],"_links":{"self":[{"href":"https:\/\/www.radiopresidenteibanez.cl\/web\/wp-json\/wp\/v2\/posts\/5079","targetHints":{"allow":["GET"]}}],"collection":[{"href":"https:\/\/www.radiopresidenteibanez.cl\/web\/wp-json\/wp\/v2\/posts"}],"about":[{"href":"https:\/\/www.radiopresidenteibanez.cl\/web\/wp-json\/wp\/v2\/types\/post"}],"author":[{"embeddable":true,"href":"https:\/\/www.radiopresidenteibanez.cl\/web\/wp-json\/wp\/v2\/users\/2"}],"replies":[{"embeddable":true,"href":"https:\/\/www.radiopresidenteibanez.cl\/web\/wp-json\/wp\/v2\/comments?post=5079"}],"version-history":[{"count":0,"href":"https:\/\/www.radiopresidenteibanez.cl\/web\/wp-json\/wp\/v2\/posts\/5079\/revisions"}],"wp:featuredmedia":[{"embeddable":true,"href":"https:\/\/www.radiopresidenteibanez.cl\/web\/wp-json\/wp\/v2\/media\/5080"}],"wp:attachment":[{"href":"https:\/\/www.radiopresidenteibanez.cl\/web\/wp-json\/wp\/v2\/media?parent=5079"}],"wp:term":[{"taxonomy":"category","embeddable":true,"href":"https:\/\/www.radiopresidenteibanez.cl\/web\/wp-json\/wp\/v2\/categories?post=5079"},{"taxonomy":"post_tag","embeddable":true,"href":"https:\/\/www.radiopresidenteibanez.cl\/web\/wp-json\/wp\/v2\/tags?post=5079"}],"curies":[{"name":"wp","href":"https:\/\/api.w.org\/{rel}","templated":true}]}}