{"id":50770,"date":"2024-08-23T09:29:00","date_gmt":"2024-08-23T12:29:00","guid":{"rendered":"https:\/\/www.radiopresidenteibanez.cl\/web\/?p=50770"},"modified":"2024-08-23T08:18:32","modified_gmt":"2024-08-23T11:18:32","slug":"delegado-presidencial-y-seremi-de-trabajo-dialogan-con-dirigentes-sindicales-sobre-desarrollo-regional-y-empleo","status":"publish","type":"post","link":"https:\/\/www.radiopresidenteibanez.cl\/web\/delegado-presidencial-y-seremi-de-trabajo-dialogan-con-dirigentes-sindicales-sobre-desarrollo-regional-y-empleo\/","title":{"rendered":"DELEGADO PRESIDENCIAL Y SEREMI DE TRABAJO DIALOGAN CON DIRIGENTES SINDICALES SOBRE DESARROLLO REGIONAL Y EMPLEO"},"content":{"rendered":"\n<p>En dependencias de la Delegaci\u00f3n Presidencial Regional de<br>Magallanes, se dieron cita alrededor de 50 dirigentes\/as de diferentes sindicatos regionales,<br>invitados por el Delegado Presidencial Regional y la Seremi del Trabajo, para dialogar sobre las<br>actuales expectativas de desarrollo de la regi\u00f3n y necesidades en lo laboral.<br>El objetivo de las autoridades, fue conversar de manera directa con los protagonistas de las<br>transformaciones que vive el mundo del trabajo -que son las y los dirigentes sindicales- para<br>delinear sus actuales necesidades y tambi\u00e9n sus expectativas en diferentes materias.<br>Durante la cita, adem\u00e1s, se dieron a conocer los resultados del Estudio Regional: \u201cProspectiva<br>sobre empleo y formaci\u00f3n profesional en sectores verdes. Hidr\u00f3geno Verde en Chile\u201d, elaborado y<br>presentado por el Observatorio Laboral Magallanes.<br>Al respecto, el Delegado Presidencial Regional de Magallanes, Jos\u00e9 Ruiz Pivcevic, explic\u00f3 que<br>\u201chemos querido, en conjunto con la Seremi del Trabajo, sostener un encuentro con dirigentes<br>sindicales de diferentes sectores -como portuarios, asistentes de la educaci\u00f3n, sector comercio,<br>transporte, empresas pesqueras, de alimentos, entre otros- para recoger sus impresiones sobre la<br>actual situaci\u00f3n del empleo regional y dialogar sobre sus expectativas en torno al desarrollo de sus<br>respectivos rubros productivos\u201d.<br>\u201cJunto con ello, invitamos al Observatorio Laboral de Magallanes a exponer a las y los dirigentes<br>los resultados del estudio prospectivo de empleo en sectores verdes, pues, como sabemos,<br>tenemos el mandato como gobierno, de propiciar la creaci\u00f3n de los llamados empleos verdes en la<br>regi\u00f3n y hacia all\u00e1 queremos avanzar\u201d, agreg\u00f3 la autoridad regional.<br>En el marco de esta exposici\u00f3n, las y los dirigentes pudieron conocer y compartir opiniones<br>respecto a las conclusiones del estudio en torno a la futura generaci\u00f3n de empleos directos e<br>indirectos en la industria de Hidr\u00f3geno Verde, as\u00ed como en el sector de Energ\u00edas Renovables No<br>Convencionales y energ\u00e9tico en general.<\/p>\n\n\n\n<p>La Seremi del Trabajo, Doris Sandoval Miranda, reflexion\u00f3 en torno al encuentro, valorando la<br>masiva concurrencia de dirigentes sindicales y su mirada sobre los nuevos desaf\u00edos en materia<br>laboral en la zona.<br>\u201cEstamos convencidos\/as que la mirada que tiene hoy la dirigencia sindical, es fundamental para<br>participar en las definiciones que en la regi\u00f3n se est\u00e1n adoptando en materia de perspectivas de<br>desarrollo. Por nuestra parte, requerimos identificar las necesidades de formaci\u00f3n, capacitaci\u00f3n y<br>de certificaci\u00f3n de competencias laborales y, por supuesto, en articulaci\u00f3n p\u00fablica y privada. Por<br>ello, era muy importante desarrollar este encuentro, escuchar y compartir sus puntos de vista, as\u00ed<br>como recoger sus actuales necesidades y requerimientos, que fue lo que hicimos junto a nuestro<br>Delegado Presidencial\u201d, explic\u00f3 la Seremi.<br>De igual forma, Sandoval agradeci\u00f3 y valor\u00f3 la presentaci\u00f3n realizada por el Observatorio Laboral.<br>\u201cSin duda, la exposici\u00f3n de nuestro coordinador del Observatorio, Pablo Barrientos, fue muy clara<br>en torno a lo que se requiere de aqu\u00ed en adelante, para crecer en los llamados empleos verdes<br>que, a su vez, signifiquen avanzar tambi\u00e9n en trabajo decente para la regi\u00f3n\u201d<br>Finalmente, la autoridad de trabajo, se\u00f1al\u00f3 que \u201cJunto con el cumplimiento de est\u00e1ndares socio<br>ambientales, es imperativo relevar tambi\u00e9n los est\u00e1ndares laborales. Queremos que los beneficios<br>del crecimiento econ\u00f3mico, tambi\u00e9n lleguen a las y los trabajadores\/as, que producen la riqueza<br>de nuestra regi\u00f3n.\u201d<\/p>\n","protected":false},"excerpt":{"rendered":"<p>En dependencias de la Delegaci\u00f3n Presidencial Regional deMagallanes, se dieron cita alrededor de 50 dirigentes\/as de diferentes sindicatos regionales,invitados por el Delegado Presidencial Regional y la Seremi del Trabajo, para&#8230; <a class=\"read-more\" href=\"https:\/\/www.radiopresidenteibanez.cl\/web\/delegado-presidencial-y-seremi-de-trabajo-dialogan-con-dirigentes-sindicales-sobre-desarrollo-regional-y-empleo\/\">Leer m\u00e1s<\/a><\/p>\n","protected":false},"author":2,"featured_media":50771,"comment_status":"closed","ping_status":"closed","sticky":false,"template":"","format":"standard","meta":{"footnotes":""},"categories":[1],"tags":[],"class_list":["post-50770","post","type-post","status-publish","format-standard","has-post-thumbnail","hentry","category-cronica"],"_links":{"self":[{"href":"https:\/\/www.radiopresidenteibanez.cl\/web\/wp-json\/wp\/v2\/posts\/50770","targetHints":{"allow":["GET"]}}],"collection":[{"href":"https:\/\/www.radiopresidenteibanez.cl\/web\/wp-json\/wp\/v2\/posts"}],"about":[{"href":"https:\/\/www.radiopresidenteibanez.cl\/web\/wp-json\/wp\/v2\/types\/post"}],"author":[{"embeddable":true,"href":"https:\/\/www.radiopresidenteibanez.cl\/web\/wp-json\/wp\/v2\/users\/2"}],"replies":[{"embeddable":true,"href":"https:\/\/www.radiopresidenteibanez.cl\/web\/wp-json\/wp\/v2\/comments?post=50770"}],"version-history":[{"count":0,"href":"https:\/\/www.radiopresidenteibanez.cl\/web\/wp-json\/wp\/v2\/posts\/50770\/revisions"}],"wp:featuredmedia":[{"embeddable":true,"href":"https:\/\/www.radiopresidenteibanez.cl\/web\/wp-json\/wp\/v2\/media\/50771"}],"wp:attachment":[{"href":"https:\/\/www.radiopresidenteibanez.cl\/web\/wp-json\/wp\/v2\/media?parent=50770"}],"wp:term":[{"taxonomy":"category","embeddable":true,"href":"https:\/\/www.radiopresidenteibanez.cl\/web\/wp-json\/wp\/v2\/categories?post=50770"},{"taxonomy":"post_tag","embeddable":true,"href":"https:\/\/www.radiopresidenteibanez.cl\/web\/wp-json\/wp\/v2\/tags?post=50770"}],"curies":[{"name":"wp","href":"https:\/\/api.w.org\/{rel}","templated":true}]}}