{"id":50767,"date":"2024-08-23T08:21:00","date_gmt":"2024-08-23T11:21:00","guid":{"rendered":"https:\/\/www.radiopresidenteibanez.cl\/web\/?p=50767"},"modified":"2024-08-23T08:13:07","modified_gmt":"2024-08-23T11:13:07","slug":"cuenta-cuentos-acercan-a-ninos-y-ninas-de-punta-arenas-a-la-antartica","status":"publish","type":"post","link":"https:\/\/www.radiopresidenteibanez.cl\/web\/cuenta-cuentos-acercan-a-ninos-y-ninas-de-punta-arenas-a-la-antartica\/","title":{"rendered":"CUENTA CUENTOS ACERCAN A NI\u00d1OS Y NI\u00d1AS DE PUNTA ARENAS A LA ANTARTICA"},"content":{"rendered":"\n<p>En el marco de la Conferencia Abierta y la reuni\u00f3n de delegados del Comit\u00e9 Cient\u00edfico de Investigaci\u00f3n Ant\u00e1rtica (SCAR), eventos que re\u00fanen a cientos de cient\u00edficos y cient\u00edficas de todo el mundo en nuestro pa\u00eds, se est\u00e1n llevando a cabo diversas actividades con la comunidad tanto en Puc\u00f3n como en Punta Arenas. Estas iniciativas destacan la relevancia de la Ant\u00e1rtica para nuestro territorio, especialmente para la regi\u00f3n austral.<\/p>\n\n\n\n<p>Dentro de este contexto, este jueves 22 se realiz\u00f3 la primera funci\u00f3n de narraci\u00f3n oral de cuentos ant\u00e1rticos con m\u00e1s de cincuenta escolares de distintas comunidades educativas, interpretada por la Agrupaci\u00f3n Cuentera Austral, quienes llevaron a la oralidad seis de los doce cuentos ganadores del concurso escolar <strong>\u201cJ\u00f3venes Talentos de Magallanes: El Continente Blanco\u201d<\/strong>.<\/p>\n\n\n\n<p>La actividad fue posible por la alianza educativa de Fundaci\u00f3n Teraike y el Instituto Ant\u00e1rtico Chileno (INACH) y busca acercar a los y las estudiantes aprendizajes sobre Ant\u00e1rtica y temas de relevancia internacional en torno a ella como su cuidado y conservaci\u00f3n, los efectos del cambio clim\u00e1tico, la flora y la fauna, las expediciones ant\u00e1rticas y principalmente la conciencia de habitar en la principal puerta de entrada del continente ant\u00e1rtico a nivel mundial.&nbsp;<\/p>\n\n\n\n<p>Alonso Villa estudiante de la Escuela Arturo Prat, quien gan\u00f3 el concurso con su relato sobre las haza\u00f1as del explorador Alejo Contreras, estuvo presente en la funci\u00f3n y expres\u00f3 su emoci\u00f3n: \u201cMe pareci\u00f3 hermoso, me encant\u00f3 el esfuerzo que pusieron las cuenteras para narrar mi cuento, y estoy muy feliz de que otros ni\u00f1os hayan podido escuchar lo que escrib\u00ed. Este cuento se me ocurri\u00f3 gracias a mi profesora de lenguaje (Andre\u00edna Jim\u00e9nez), que me dio algunas ideas, y me decid\u00ed por Alejo Contreras porque su vida me pareci\u00f3 fascinante\u201d.&nbsp;<\/p>\n\n\n\n<p>Tambi\u00e9n Julieta V\u00e1squez Violich, alumna de sexto b\u00e1sico en el Colegio Brit\u00e1nico pudo presenciar hoy la narraci\u00f3n oral de su cuento \u201cAndino, un ping\u00fcino de verdad\u201d, lo que result\u00f3 ser muy grato para ella: \u201cMe gust\u00f3 c\u00f3mo narraron mi cuento, fue muy bonito con las im\u00e1genes que escogieron. Adem\u00e1s, me encant\u00f3 que me acompa\u00f1aran mis amigas, algunos compa\u00f1eros y mi miss. Nunca imagin\u00e9 que podr\u00eda ganar este concurso. Mi cuento surgi\u00f3 mientras buscaba ideas y pens\u00e9 en el afecto que los humanos sienten por el mundo y, especialmente por la Ant\u00e1rtica\u201d, coment\u00f3.<\/p>\n\n\n\n<p>Este viernes se llevar\u00e1 a cabo la segunda funci\u00f3n de narraciones, exclusiva para comunidades educativas, y el d\u00eda s\u00e1bado 24 de agosto se llevar\u00e1 a cabo la tercera y \u00faltima funci\u00f3n gratuita abierta a toda la comunidad magall\u00e1nica a las 12.00 horas, en las dependencias de INACH en Plaza Mu\u00f1oz Gamero 1055.&nbsp;<\/p>\n\n\n\n<p>\u201cInvitamos a todas las familias a participar de esta oportunidad de conocer m\u00e1s sobre el continente Ant\u00e1rtico a trav\u00e9s de los ojos de los ni\u00f1os y ni\u00f1as de nuestra regi\u00f3n\u201d, expres\u00f3 Victoria Vega, coordinadora de Educaci\u00f3n de Fundaci\u00f3n Teraike.&nbsp;<\/p>\n\n\n\n<p>Por su parte, la jefa de Comunicaciones y Educaci\u00f3n del INACH, Andrea Pe\u00f1a, expres\u00f3 que: \u201cver a ni\u00f1os y ni\u00f1as de nuestra regi\u00f3n que se han inspirado en Ant\u00e1rtica para so\u00f1ar y narrar historias fascinantes nos emociona profundamente. Poder observar, adem\u00e1s, que esas historias siendo compartidas con sus compa\u00f1eros y compa\u00f1eras hace que todos sintamos a ese territorio un poco m\u00e1s cerca\u201d.<\/p>\n\n\n\n<p>De igual manera, entre el lunes 26 y el viernes 30, la sala de exposiciones de ZonAustral, junto a la pista de patinaje, albergar\u00e1 la muestra de los cuentos e ilustraciones ganadores de este concurso. Estas obras, creadas por ni\u00f1os y ni\u00f1as de la regi\u00f3n, formar\u00e1n parte de un libro de distribuci\u00f3n gratuita que se lanzar\u00e1 en octubre y que refleja la visi\u00f3n infantil sobre la Ant\u00e1rtica.<\/p>\n","protected":false},"excerpt":{"rendered":"<p>En el marco de la Conferencia Abierta y la reuni\u00f3n de delegados del Comit\u00e9 Cient\u00edfico de Investigaci\u00f3n Ant\u00e1rtica (SCAR), eventos que re\u00fanen a cientos de cient\u00edficos y cient\u00edficas de todo&#8230; <a class=\"read-more\" href=\"https:\/\/www.radiopresidenteibanez.cl\/web\/cuenta-cuentos-acercan-a-ninos-y-ninas-de-punta-arenas-a-la-antartica\/\">Leer m\u00e1s<\/a><\/p>\n","protected":false},"author":2,"featured_media":50768,"comment_status":"closed","ping_status":"closed","sticky":false,"template":"","format":"standard","meta":{"footnotes":""},"categories":[1],"tags":[],"class_list":["post-50767","post","type-post","status-publish","format-standard","has-post-thumbnail","hentry","category-cronica"],"_links":{"self":[{"href":"https:\/\/www.radiopresidenteibanez.cl\/web\/wp-json\/wp\/v2\/posts\/50767","targetHints":{"allow":["GET"]}}],"collection":[{"href":"https:\/\/www.radiopresidenteibanez.cl\/web\/wp-json\/wp\/v2\/posts"}],"about":[{"href":"https:\/\/www.radiopresidenteibanez.cl\/web\/wp-json\/wp\/v2\/types\/post"}],"author":[{"embeddable":true,"href":"https:\/\/www.radiopresidenteibanez.cl\/web\/wp-json\/wp\/v2\/users\/2"}],"replies":[{"embeddable":true,"href":"https:\/\/www.radiopresidenteibanez.cl\/web\/wp-json\/wp\/v2\/comments?post=50767"}],"version-history":[{"count":0,"href":"https:\/\/www.radiopresidenteibanez.cl\/web\/wp-json\/wp\/v2\/posts\/50767\/revisions"}],"wp:featuredmedia":[{"embeddable":true,"href":"https:\/\/www.radiopresidenteibanez.cl\/web\/wp-json\/wp\/v2\/media\/50768"}],"wp:attachment":[{"href":"https:\/\/www.radiopresidenteibanez.cl\/web\/wp-json\/wp\/v2\/media?parent=50767"}],"wp:term":[{"taxonomy":"category","embeddable":true,"href":"https:\/\/www.radiopresidenteibanez.cl\/web\/wp-json\/wp\/v2\/categories?post=50767"},{"taxonomy":"post_tag","embeddable":true,"href":"https:\/\/www.radiopresidenteibanez.cl\/web\/wp-json\/wp\/v2\/tags?post=50767"}],"curies":[{"name":"wp","href":"https:\/\/api.w.org\/{rel}","templated":true}]}}