{"id":50764,"date":"2024-08-22T17:57:00","date_gmt":"2024-08-22T20:57:00","guid":{"rendered":"https:\/\/www.radiopresidenteibanez.cl\/web\/?p=50764"},"modified":"2024-08-22T12:31:25","modified_gmt":"2024-08-22T15:31:25","slug":"gobierno-regional-y-hospital-clinico-magallanes-firman-convenio-para-gestionar-listas-de-espera-y-mejorar-la-salud","status":"publish","type":"post","link":"https:\/\/www.radiopresidenteibanez.cl\/web\/gobierno-regional-y-hospital-clinico-magallanes-firman-convenio-para-gestionar-listas-de-espera-y-mejorar-la-salud\/","title":{"rendered":"GOBIERNO REGIONAL Y HOSPITAL CLINICO MAGALLANES FIRMAN CONVENIO PARA GESTIONAR LISTAS DE ESPERA Y MEJORAR LA SALUD"},"content":{"rendered":"\n<p>El Gobierno Regional de Magallanes y de la Ant\u00e1rtica Chilena (GORE) y el Hospital Cl\u00ednico de Magallanes (HCM) han firmado un importante convenio para la ejecuci\u00f3n de cinco proyectos fundamentales, financiados a trav\u00e9s del Fondo Nacional de Desarrollo Regional (FNDR) con un total de $55.822.320. Estos proyectos buscan mejorar significativamente la atenci\u00f3n de salud en la regi\u00f3n, con un enfoque especial en la reducci\u00f3n de listas de espera y la rehabilitaci\u00f3n de pacientes con discapacidades transitorias.<\/p>\n\n\n\n<p>El Gobernador Regional de Magallanes y de la Ant\u00e1rtica Chilena, Dr. Jorge Flies A\u00f1\u00f3n, destac\u00f3 la relevancia de esta iniciativa: \u201cQueremos que Magallanes resuelva sus listas de espera o que los tiempos&nbsp;sean prudentes, no sean con incertidumbre tan grande que puedan estar esperando&nbsp;a\u00f1os sin saber cu\u00e1ndo se resuelva.&nbsp;As\u00ed que esta es una muy buena noticia y felicitar.&nbsp;Es la primera vez que el hospital gana a trav\u00e9s del 8% este concurso&nbsp;y lo gan\u00f3 con cinco proyectos\u201d.<\/p>\n\n\n\n<p>Los proyectos incluyen la <strong>Normalizaci\u00f3n y Contactabilidad de Listas de Espera de Usuarios del Hospital Cl\u00ednico de Magallanes<\/strong>. Este proyecto tiene como objetivo reforzar la digitalizaci\u00f3n de las listas de espera y asegurar un registro inform\u00e1tico actualizado y compatible con los sistemas ministeriales, mejorando la programaci\u00f3n de horas y garantizando un acceso m\u00e1s equitativo a la atenci\u00f3n de salud. Con una inversi\u00f3n de $11.528.320, se espera que este proyecto contribuya directamente a la eficiencia en la gesti\u00f3n de las listas de espera en la regi\u00f3n.<\/p>\n\n\n\n<p>\u201cEl hospital gan\u00f3 cinco proyectos por m\u00e1s de 55 millones de pesos&nbsp;y esos proyectos van desde contactabilidad, o sea personas, administrativos&nbsp;que est\u00e9n viendo c\u00f3mo est\u00e1 la lista de espera y viendo en qu\u00e9 condiciones&nbsp;est\u00e1 la persona en la lista de espera, porque muchas veces inclusive resuelven&nbsp;y siguen estando en la lista de espera (\u2026)&nbsp;Entonces para poder resolver las listas de espera tenemos que tenerlas contactadas&nbsp;y saber en qu\u00e9 condiciones est\u00e1n.&nbsp;As\u00ed que ah\u00ed hay un primer proyecto\u201d, agreg\u00f3 el Gobernador Flies.<\/p>\n\n\n\n<p>Otro de los proyectos destacados es <strong>\u00abRehabilitando a Nuestros Ni\u00f1os con Trastornos de Degluci\u00f3n, Alimentaci\u00f3n y Comunicaci\u00f3n\u00bb<\/strong>, que destinar\u00e1 $10.289.000 a la atenci\u00f3n de ni\u00f1os que requieren rehabilitaci\u00f3n fonoaudiol\u00f3gica ambulatoria en el Centro de Rehabilitaci\u00f3n del Hospital Cl\u00ednico de Magallanes. Este programa tiene como objetivo mitigar las condiciones de vulnerabilidad que afectan la calidad de vida de estos menores, ofreciendo una cobertura integral que promueve su bienestar y desarrollo.<\/p>\n\n\n\n<p>Asimismo, el proyecto de <strong>Prehabilitaci\u00f3n con Enfoque Integral para Pacientes con Discapacidad Transitoria<\/strong>, destinado a aquellos que se preparan para cirug\u00edas de cadera, rodilla o tobillo, busca optimizar los resultados quir\u00fargicos y acelerar la recuperaci\u00f3n postoperatoria con una inversi\u00f3n de $11.816.000. Esta iniciativa se implementar\u00e1 mediante sesiones de prehabilitaci\u00f3n kin\u00e9sica, dise\u00f1adas para mejorar las condiciones funcionales de los pacientes antes de sus intervenciones quir\u00fargicas.<\/p>\n\n\n\n<p>El Director del HCM, Ricardo Contreras Fa\u00fandez, enfatiz\u00f3: \u201cEste convenio con el Gobierno Regional de Magallanes y de la Ant\u00e1rtica Chilena representa un avance significativo para nuestro hospital y para la comunidad. Los proyectos financiados a trav\u00e9s del 8% FNDR-GORE permitir\u00e1n mejorar la gesti\u00f3n de listas de espera y ofrecer una atenci\u00f3n m\u00e1s eficiente y oportuna a nuestros pacientes, lo anterior con el prop\u00f3sito de ser un aporte real y concreto a la disminuci\u00f3n de los Tiempos de Espera de la comunidad usuaria\u201d.<\/p>\n\n\n\n<p>Adem\u00e1s, se implementar\u00e1 el proyecto de <strong>Rehabilitaci\u00f3n para Personas con Dependencia Transitoria y Patolog\u00edas Musculoesquel\u00e9ticas<\/strong>, con una inversi\u00f3n de $12.000.000. Este programa se enfocar\u00e1 en brindar atenci\u00f3n kin\u00e9sica a pacientes que sufren de condiciones musculoesquel\u00e9ticas subagudas, con el objetivo de mejorar su movilidad y prevenir la progresi\u00f3n de sus discapacidades.<\/p>\n\n\n\n<p>Finalmente, el proyecto <strong>\u00abHabilidades en la Vida Diaria: Terapia Ocupacional para Personas Adultas con Discapacidad Transitoria\u00bb<\/strong> asignar\u00e1 $10.189.000 a la rehabilitaci\u00f3n de adultos con limitaciones funcionales que afectan su vida diaria. Este programa ofrecer\u00e1 sesiones de terapia ocupacional para ayudar a estos pacientes a recuperar su independencia y mejorar su calidad de vida.<\/p>\n\n\n\n<p>\u201cCon estas iniciativas, no solo optimizaremos nuestros procesos internos, sino que tambi\u00e9n brindaremos una atenci\u00f3n m\u00e1s integral a quienes requieren rehabilitaci\u00f3n y apoyo especializado, fortaleciendo adem\u00e1s los procesos de contactabilidad para garantizar la acreditaci\u00f3n de vigencia de los datos de nuestros usuarios registrados en la Plataforma Nacional para Tiempos de Espera (SIGTE). Estamos comprometidos con la mejora continua de la calidad de salud en nuestra regi\u00f3n, y esta colaboraci\u00f3n es un paso importante en ese camino\u201d, agreg\u00f3 el Director del HCM.<\/p>\n\n\n\n<p>Con estos cinco proyectos, se reafirma el compromiso del GORE y del HCM con el bienestar de la comunidad, garantizando que los habitantes de la regi\u00f3n tengan acceso a una atenci\u00f3n de salud de calidad y equitativa.<\/p>\n","protected":false},"excerpt":{"rendered":"<p>El Gobierno Regional de Magallanes y de la Ant\u00e1rtica Chilena (GORE) y el Hospital Cl\u00ednico de Magallanes (HCM) han firmado un importante convenio para la ejecuci\u00f3n de cinco proyectos fundamentales,&#8230; <a class=\"read-more\" href=\"https:\/\/www.radiopresidenteibanez.cl\/web\/gobierno-regional-y-hospital-clinico-magallanes-firman-convenio-para-gestionar-listas-de-espera-y-mejorar-la-salud\/\">Leer m\u00e1s<\/a><\/p>\n","protected":false},"author":2,"featured_media":50765,"comment_status":"closed","ping_status":"closed","sticky":false,"template":"","format":"standard","meta":{"footnotes":""},"categories":[1],"tags":[],"class_list":["post-50764","post","type-post","status-publish","format-standard","has-post-thumbnail","hentry","category-cronica"],"_links":{"self":[{"href":"https:\/\/www.radiopresidenteibanez.cl\/web\/wp-json\/wp\/v2\/posts\/50764","targetHints":{"allow":["GET"]}}],"collection":[{"href":"https:\/\/www.radiopresidenteibanez.cl\/web\/wp-json\/wp\/v2\/posts"}],"about":[{"href":"https:\/\/www.radiopresidenteibanez.cl\/web\/wp-json\/wp\/v2\/types\/post"}],"author":[{"embeddable":true,"href":"https:\/\/www.radiopresidenteibanez.cl\/web\/wp-json\/wp\/v2\/users\/2"}],"replies":[{"embeddable":true,"href":"https:\/\/www.radiopresidenteibanez.cl\/web\/wp-json\/wp\/v2\/comments?post=50764"}],"version-history":[{"count":0,"href":"https:\/\/www.radiopresidenteibanez.cl\/web\/wp-json\/wp\/v2\/posts\/50764\/revisions"}],"wp:featuredmedia":[{"embeddable":true,"href":"https:\/\/www.radiopresidenteibanez.cl\/web\/wp-json\/wp\/v2\/media\/50765"}],"wp:attachment":[{"href":"https:\/\/www.radiopresidenteibanez.cl\/web\/wp-json\/wp\/v2\/media?parent=50764"}],"wp:term":[{"taxonomy":"category","embeddable":true,"href":"https:\/\/www.radiopresidenteibanez.cl\/web\/wp-json\/wp\/v2\/categories?post=50764"},{"taxonomy":"post_tag","embeddable":true,"href":"https:\/\/www.radiopresidenteibanez.cl\/web\/wp-json\/wp\/v2\/tags?post=50764"}],"curies":[{"name":"wp","href":"https:\/\/api.w.org\/{rel}","templated":true}]}}