{"id":50761,"date":"2024-08-22T16:57:00","date_gmt":"2024-08-22T19:57:00","guid":{"rendered":"https:\/\/www.radiopresidenteibanez.cl\/web\/?p=50761"},"modified":"2024-08-22T12:01:55","modified_gmt":"2024-08-22T15:01:55","slug":"con-su-primer-dialogo-ciudadano-en-la-regionsml-inicio-la-celebracion-de-su-109-aniversario","status":"publish","type":"post","link":"https:\/\/www.radiopresidenteibanez.cl\/web\/con-su-primer-dialogo-ciudadano-en-la-regionsml-inicio-la-celebracion-de-su-109-aniversario\/","title":{"rendered":"CON SU PRIMER DI\u00c1LOGO CIUDADANO EN LA REGI\u00d3N,SML INICI\u00d3 LA CELEBRACI\u00d3N DE SU 109\u00b0 ANIVERSARIO"},"content":{"rendered":"\n<p>El Servicio M\u00e9dico Legal (SML) cumple el rol de asesorar a \u00f3rganos jurisdiccionales y de<br>investigaci\u00f3n en materias m\u00e9dico legales y forenses, como ente auxiliar en la administraci\u00f3n de<br>Justicia. En el marco del aniversario N\u00b0109 a\u00f1os de esta instituci\u00f3n dependiente del Ministerio de<br>Justicia y Derechos Humanos, esta semana se realiz\u00f3 el Primer Di\u00e1logo Ciudadano del Servicio<br>M\u00e9dico Legal en Magallanes, como in\u00e9dita actividad participativa a cargo de su Director Regional,<br>Dr. Ren\u00e9 Castro. Esta congreg\u00f3 a representantes de la sociedad civil, en dependencias del Centro<br>Asistencial Docente e Investigaci\u00f3n de la Universidad de Magallanes (CADI- UMAG).<\/p>\n\n\n\n<p>Esta iniciativa, que cont\u00f3 con el respaldo de la Seremi del ramo, Michelle Peutat Alvarado, cont\u00f3,<br>adem\u00e1s, con el apoyo de la UMAG y el Servicio Nacional de Migraciones, siendo su objetivo dar a<br>conocer la labor del Servicio M\u00e9dico Legal en la Regi\u00f3n, junto con resolver dudas y recibir<br>observaciones asociadas al trabajo de su Instituci\u00f3n, por parte de las organizaciones convocadas.<br>Esto, de manera de ofrecer propuestas, o desarrollar soluciones en \u00e1reas espec\u00edficas de pol\u00edticas<br>p\u00fablicas.<\/p>\n\n\n\n<p>Al respecto, la inclusi\u00f3n de las y los representantes de organizaciones de la sociedad civil result\u00f3<br>crucial, al permitir en forma previa desarrollar una fase de diagn\u00f3stico con estos actores, previo al<br>desarrollo del Di\u00e1logo Ciudadano. Aqu\u00ed se cont\u00f3 con la participaci\u00f3n de la Uni\u00f3n Comunal de<br>Juntas de Vecinos \u201cPunta Arenas\u201d, Uni\u00f3n Comunal de Juntas de Vecinos \u201cHernando de<br>Magallanes\u201d, Un\u00ed\u00f3n Comunal de Adultos Mayores, Agrupaciones de Migrantes y Comit\u00e9 de<br>Seguridad. A partir de estas reuniones, se logr\u00f3 establecer un temario que puso de relieve aquellas<br>materias m\u00e1s relevantes a partir de los insumos recogidos, otorg\u00e1ndole una estructura m\u00e1s<br>din\u00e1mica, especialmente de cara al trabajo grupal con el que finaliz\u00f3 este encuentro.<\/p>\n\n\n\n<p>El Director Regional, Dr. Ren\u00e9 Castro, resalt\u00f3 la convocatoria lograda por esta actividad, la cual se<br>prepar\u00f3 con meses de anticipaci\u00f3n y que les permiti\u00f3 dar a conocer la oferta program\u00e1tica y el<\/p>\n\n\n\n<p>servicio que desarrolla su instituci\u00f3n a nivel tanto regional como nacional, cuyas diversas<br>actividades son de poco conocimiento de las comunidades, y van mucho m\u00e1s all\u00e1 de realizar<br>autopsias. Al respecto, indic\u00f3 que el dise\u00f1o de este di\u00e1logo ciudadano les ha permitido contar con<br>la percepci\u00f3n de la ciudadan\u00eda acerca de la labor que desarrollan como instituci\u00f3n: \u201cha sido<br>bastante interesante, han surgido bastantes dudas e inquietudes respecto a nuestro trabajo y eso<br>hemos podido analizarlo en esta actividad\u201d.<\/p>\n\n\n\n<p>Por su parte, la Seremi Michelle Peutat destac\u00f3 esta iniciativa enmarcada en el fortalecimiento de<br>la l\u00ednea de participaci\u00f3n ciudadana del Ministerio de Justicia y DD.HH. y de todos sus servicios<br>dependientes y relacionados. Al respecto, se\u00f1al\u00f3 que este es uno de muchos esfuerzos en el<br>gobierno del Presidente Gabriel Boric para poder potenciar al quehacer de los servicios, p\u00fablicos,<br>incentivando actividades participativas de la mano de funcionarios y funcionarias, de manera de<br>poder identificar brechas de informaci\u00f3n y tambi\u00e9n inquietudes y necesidades que tiene la<br>comunidad respecto a su funcionamiento.<\/p>\n","protected":false},"excerpt":{"rendered":"<p>El Servicio M\u00e9dico Legal (SML) cumple el rol de asesorar a \u00f3rganos jurisdiccionales y deinvestigaci\u00f3n en materias m\u00e9dico legales y forenses, como ente auxiliar en la administraci\u00f3n deJusticia. En el&#8230; <a class=\"read-more\" href=\"https:\/\/www.radiopresidenteibanez.cl\/web\/con-su-primer-dialogo-ciudadano-en-la-regionsml-inicio-la-celebracion-de-su-109-aniversario\/\">Leer m\u00e1s<\/a><\/p>\n","protected":false},"author":2,"featured_media":50762,"comment_status":"closed","ping_status":"closed","sticky":false,"template":"","format":"standard","meta":{"footnotes":""},"categories":[1],"tags":[],"class_list":["post-50761","post","type-post","status-publish","format-standard","has-post-thumbnail","hentry","category-cronica"],"_links":{"self":[{"href":"https:\/\/www.radiopresidenteibanez.cl\/web\/wp-json\/wp\/v2\/posts\/50761","targetHints":{"allow":["GET"]}}],"collection":[{"href":"https:\/\/www.radiopresidenteibanez.cl\/web\/wp-json\/wp\/v2\/posts"}],"about":[{"href":"https:\/\/www.radiopresidenteibanez.cl\/web\/wp-json\/wp\/v2\/types\/post"}],"author":[{"embeddable":true,"href":"https:\/\/www.radiopresidenteibanez.cl\/web\/wp-json\/wp\/v2\/users\/2"}],"replies":[{"embeddable":true,"href":"https:\/\/www.radiopresidenteibanez.cl\/web\/wp-json\/wp\/v2\/comments?post=50761"}],"version-history":[{"count":0,"href":"https:\/\/www.radiopresidenteibanez.cl\/web\/wp-json\/wp\/v2\/posts\/50761\/revisions"}],"wp:featuredmedia":[{"embeddable":true,"href":"https:\/\/www.radiopresidenteibanez.cl\/web\/wp-json\/wp\/v2\/media\/50762"}],"wp:attachment":[{"href":"https:\/\/www.radiopresidenteibanez.cl\/web\/wp-json\/wp\/v2\/media?parent=50761"}],"wp:term":[{"taxonomy":"category","embeddable":true,"href":"https:\/\/www.radiopresidenteibanez.cl\/web\/wp-json\/wp\/v2\/categories?post=50761"},{"taxonomy":"post_tag","embeddable":true,"href":"https:\/\/www.radiopresidenteibanez.cl\/web\/wp-json\/wp\/v2\/tags?post=50761"}],"curies":[{"name":"wp","href":"https:\/\/api.w.org\/{rel}","templated":true}]}}