{"id":5076,"date":"2019-06-15T18:32:26","date_gmt":"2019-06-15T18:32:26","guid":{"rendered":"http:\/\/www.radiopresidenteibanez.cl\/web\/?p=5076"},"modified":"2019-06-15T18:33:01","modified_gmt":"2019-06-15T18:33:01","slug":"codema-desmiente-acusaciones-y-llama-a-protestar-este-domingo","status":"publish","type":"post","link":"https:\/\/www.radiopresidenteibanez.cl\/web\/codema-desmiente-acusaciones-y-llama-a-protestar-este-domingo\/","title":{"rendered":"CODEMA DESMIENTE ACUSACIONES Y LLAMA A PROTESTAR ESTE DOMINGO"},"content":{"rendered":"\n<p> El presidente del Comit\u00e9 para la Defensa de Magallanes, Codema, Ram\u00f3n Vargas desminti\u00f3 acusaciones realizadas por grupos ambientalistas en relaci\u00f3n a que la protesta convocada para ma\u00f1ana est\u00e1 siendo financiadas por las grandes empresas, se\u00f1alando que ese tipo de acusaciones solo buscan cambiar el foco de las demandas ciudadanas que representa.<\/p>\n\n\n\n<p>\u00abAqu\u00ed el asunto importante es que si se cierra Mina Invierno y prosperan las leyes que quieren eliminar la salmonicultura en Magallanes casi 7 mil personas se quedan sin empleo y se reciente fuertemente la econom\u00eda regionales\u00bb, insisti\u00f3 el dirigente.<\/p>\n\n\n\n<p>Alert\u00f3 sobre la circulaci\u00f3n de falsos whattapps que buscan \u00abilegitimar nuestro movimiento d\u00e1ndole connotaci\u00f3n pol\u00edtica, eso es falso y tomaremos acciones legales contra quienes los distribuyen en las redes.\u201d Dijo que esta es una agrupaci\u00f3n gremial, ciudadana, que acoge a todos quienes deseen defender los intereses de quienes habitan la zona m\u00e1s austral de Chile sin importar su tendencia pol\u00edtica.<\/p>\n\n\n\n<p>\u00abNi nos financian las grandes empresa, ni tenemos color pol\u00edtico. Nuestro \u00fanico norte es expresar nuestra profundo malestar por las decisiones de algunas autoridades de Gobierno y del poder legislativo que est\u00e1n m\u00e1s preocupados de ganarse premios en el extranjero por el cuidado del medio ambiente que por el bienestar de los magall\u00e1nicos\u00bb, aclar\u00f3 Vargas.<\/p>\n\n\n\n<p>La protesta convocada por Codema se realizar\u00e1 ma\u00f1ana domingo 16 de junio a las 15.30 horas en Avenida Costanera, (sector ex chipera) con una gran caravana vehicular la que se desplazar\u00e1 hasta la plaza de armas de Punta Arenas en donde se invita a protestar pac\u00edficamente portando un chaleco amarillo. <\/p>\n\n\n\n<figure class=\"wp-block-image\"><img loading=\"lazy\" decoding=\"async\" width=\"900\" height=\"621\" src=\"https:\/\/www.radiopresidenteibanez.cl\/web\/wp-content\/uploads\/2019\/06\/Codema.jpg\" alt=\"\" class=\"wp-image-5077\" srcset=\"https:\/\/www.radiopresidenteibanez.cl\/web\/wp-content\/uploads\/2019\/06\/Codema.jpg 900w, https:\/\/www.radiopresidenteibanez.cl\/web\/wp-content\/uploads\/2019\/06\/Codema-300x207.jpg 300w, https:\/\/www.radiopresidenteibanez.cl\/web\/wp-content\/uploads\/2019\/06\/Codema-768x530.jpg 768w\" sizes=\"auto, (max-width: 900px) 100vw, 900px\" \/><\/figure>\n","protected":false},"excerpt":{"rendered":"<p>El presidente del Comit\u00e9 para la Defensa de Magallanes, Codema, Ram\u00f3n Vargas desminti\u00f3 acusaciones realizadas por grupos ambientalistas en relaci\u00f3n a que la protesta convocada para ma\u00f1ana est\u00e1 siendo financiadas&#8230; <a class=\"read-more\" href=\"https:\/\/www.radiopresidenteibanez.cl\/web\/codema-desmiente-acusaciones-y-llama-a-protestar-este-domingo\/\">Leer m\u00e1s<\/a><\/p>\n","protected":false},"author":2,"featured_media":5077,"comment_status":"closed","ping_status":"closed","sticky":false,"template":"","format":"standard","meta":{"footnotes":""},"categories":[1],"tags":[],"class_list":["post-5076","post","type-post","status-publish","format-standard","has-post-thumbnail","hentry","category-cronica"],"_links":{"self":[{"href":"https:\/\/www.radiopresidenteibanez.cl\/web\/wp-json\/wp\/v2\/posts\/5076","targetHints":{"allow":["GET"]}}],"collection":[{"href":"https:\/\/www.radiopresidenteibanez.cl\/web\/wp-json\/wp\/v2\/posts"}],"about":[{"href":"https:\/\/www.radiopresidenteibanez.cl\/web\/wp-json\/wp\/v2\/types\/post"}],"author":[{"embeddable":true,"href":"https:\/\/www.radiopresidenteibanez.cl\/web\/wp-json\/wp\/v2\/users\/2"}],"replies":[{"embeddable":true,"href":"https:\/\/www.radiopresidenteibanez.cl\/web\/wp-json\/wp\/v2\/comments?post=5076"}],"version-history":[{"count":0,"href":"https:\/\/www.radiopresidenteibanez.cl\/web\/wp-json\/wp\/v2\/posts\/5076\/revisions"}],"wp:featuredmedia":[{"embeddable":true,"href":"https:\/\/www.radiopresidenteibanez.cl\/web\/wp-json\/wp\/v2\/media\/5077"}],"wp:attachment":[{"href":"https:\/\/www.radiopresidenteibanez.cl\/web\/wp-json\/wp\/v2\/media?parent=5076"}],"wp:term":[{"taxonomy":"category","embeddable":true,"href":"https:\/\/www.radiopresidenteibanez.cl\/web\/wp-json\/wp\/v2\/categories?post=5076"},{"taxonomy":"post_tag","embeddable":true,"href":"https:\/\/www.radiopresidenteibanez.cl\/web\/wp-json\/wp\/v2\/tags?post=5076"}],"curies":[{"name":"wp","href":"https:\/\/api.w.org\/{rel}","templated":true}]}}