{"id":50755,"date":"2024-08-22T13:13:00","date_gmt":"2024-08-22T16:13:00","guid":{"rendered":"https:\/\/www.radiopresidenteibanez.cl\/web\/?p=50755"},"modified":"2024-08-22T10:50:50","modified_gmt":"2024-08-22T13:50:50","slug":"ultimos-dias-para-postular-al-arriendo-para-personas-mayores-o-con-discapacidad","status":"publish","type":"post","link":"https:\/\/www.radiopresidenteibanez.cl\/web\/ultimos-dias-para-postular-al-arriendo-para-personas-mayores-o-con-discapacidad\/","title":{"rendered":"\u00daLTIMOS DIAS PARA POSTULAR AL ARRIENDO PARA PERSONAS MAYORES O CON DISCAPACIDAD"},"content":{"rendered":"\n<p>Hasta el viernes 30 de agosto estar\u00e1 abierta la postulaci\u00f3n al Subsidio de Arriendo para personas mayores y personas con discapacidad, del Ministerio de Vivienda y Urbanismo (Minvu).<\/p>\n\n\n\n<p>Este es un llamado especial del Minvu para postular a un beneficio que cubre entre 90% y un 95% del valor mensual de un arriendo, seg\u00fan el porcentaje de vulnerabilidad del Registro Social de Hogares (RSH).<\/p>\n\n\n\n<p>\u201cEste es un muy buen beneficio que permite a las personas mayores y personas con discapacidad contar con un apoyo importante para pagar un arriendo mensual. Estamos hablando de que, si el arriendo es de 400 mil pesos, podr\u00e1n tener un ahorro, m\u00e1s o menos, de 380 mil pesos mensuales para destinar a otro tipo de gastos\u201d, destac\u00f3 el director (s) del Serviu,&nbsp;<strong>Omar Gonz\u00e1lez Asenjo<\/strong>.<\/p>\n\n\n\n<p>Desde el a\u00f1o 2023, este Subsidio de Arriendo Especial permite que personas con discapacidad mayores de 18 a\u00f1os, que no cuenten con una soluci\u00f3n habitacional definitiva y que est\u00e9n dentro del 70% de vulnerabilidad en el RSH, puedan postular.<\/p>\n\n\n\n<p><strong>Requisitos para postular<\/strong><\/p>\n\n\n\n<p>Las personas mayores deben tener m\u00e1s de 60 a\u00f1os al momento de postular, o cumplirlos durante este a\u00f1o calendario. Adem\u00e1s, su RSH tiene que estar hasta el 70% de la poblaci\u00f3n m\u00e1s vulnerable y acreditar un ingreso m\u00ednimo de 5 UF, equivalente a la pensi\u00f3n garantizada universal vigente.<\/p>\n\n\n\n<p>En el caso de personas con una discapacidad acreditada, deber\u00e1n cumplir con el mismo tramo del RSH (70%) e ingreso m\u00ednimo de 5 UF. En ambos casos no se debe contar con ahorro m\u00ednimo y se otorgar\u00e1 un puntaje adicional por tener la calidad de personas cuidadoras dentro del n\u00facleo familiar. \u201cDe contar con una persona en el n\u00facleo familiar que hace esta labor, podr\u00e1n tener un puntaje adicional para obtener el subsidio\u201d, explic\u00f3 la autoridad.<\/p>\n\n\n\n<p>El director (s) del Serviu, adem\u00e1s, inform\u00f3 que, a la hora de aplicar el beneficio, uno de los requisitos m\u00e1s importantes a cumplir es que la vivienda est\u00e9 regularizada. \u201cEse tr\u00e1mite se realiza en la Direcci\u00f3n de Obras Municipales (DOM) y es necesario para poder aplicar el subsidio\u201d, coment\u00f3.<\/p>\n\n\n\n<p>La postulaci\u00f3n se realizar\u00e1 de forma presencial en las oficinas del Serviu y sus delegaciones, o de forma online en la p\u00e1gina web&nbsp;<a href=\"http:\/\/www.minvu.cl\/\" target=\"_blank\" rel=\"noreferrer noopener\">www.minvu.cl<\/a>, con la Clave \u00danica del Registro Civil e Identificaci\u00f3n.<\/p>\n","protected":false},"excerpt":{"rendered":"<p>Hasta el viernes 30 de agosto estar\u00e1 abierta la postulaci\u00f3n al Subsidio de Arriendo para personas mayores y personas con discapacidad, del Ministerio de Vivienda y Urbanismo (Minvu). Este es&#8230; <a class=\"read-more\" href=\"https:\/\/www.radiopresidenteibanez.cl\/web\/ultimos-dias-para-postular-al-arriendo-para-personas-mayores-o-con-discapacidad\/\">Leer m\u00e1s<\/a><\/p>\n","protected":false},"author":2,"featured_media":50756,"comment_status":"closed","ping_status":"closed","sticky":false,"template":"","format":"standard","meta":{"footnotes":""},"categories":[1],"tags":[],"class_list":["post-50755","post","type-post","status-publish","format-standard","has-post-thumbnail","hentry","category-cronica"],"_links":{"self":[{"href":"https:\/\/www.radiopresidenteibanez.cl\/web\/wp-json\/wp\/v2\/posts\/50755","targetHints":{"allow":["GET"]}}],"collection":[{"href":"https:\/\/www.radiopresidenteibanez.cl\/web\/wp-json\/wp\/v2\/posts"}],"about":[{"href":"https:\/\/www.radiopresidenteibanez.cl\/web\/wp-json\/wp\/v2\/types\/post"}],"author":[{"embeddable":true,"href":"https:\/\/www.radiopresidenteibanez.cl\/web\/wp-json\/wp\/v2\/users\/2"}],"replies":[{"embeddable":true,"href":"https:\/\/www.radiopresidenteibanez.cl\/web\/wp-json\/wp\/v2\/comments?post=50755"}],"version-history":[{"count":0,"href":"https:\/\/www.radiopresidenteibanez.cl\/web\/wp-json\/wp\/v2\/posts\/50755\/revisions"}],"wp:featuredmedia":[{"embeddable":true,"href":"https:\/\/www.radiopresidenteibanez.cl\/web\/wp-json\/wp\/v2\/media\/50756"}],"wp:attachment":[{"href":"https:\/\/www.radiopresidenteibanez.cl\/web\/wp-json\/wp\/v2\/media?parent=50755"}],"wp:term":[{"taxonomy":"category","embeddable":true,"href":"https:\/\/www.radiopresidenteibanez.cl\/web\/wp-json\/wp\/v2\/categories?post=50755"},{"taxonomy":"post_tag","embeddable":true,"href":"https:\/\/www.radiopresidenteibanez.cl\/web\/wp-json\/wp\/v2\/tags?post=50755"}],"curies":[{"name":"wp","href":"https:\/\/api.w.org\/{rel}","templated":true}]}}