{"id":50752,"date":"2024-08-22T11:53:00","date_gmt":"2024-08-22T14:53:00","guid":{"rendered":"https:\/\/www.radiopresidenteibanez.cl\/web\/?p=50752"},"modified":"2024-08-22T10:09:13","modified_gmt":"2024-08-22T13:09:13","slug":"gobierno-imparte-taller-de-derechos-sexuales-dirigido-a-las-mujeres-de-programas-calle-y-noche-digna","status":"publish","type":"post","link":"https:\/\/www.radiopresidenteibanez.cl\/web\/gobierno-imparte-taller-de-derechos-sexuales-dirigido-a-las-mujeres-de-programas-calle-y-noche-digna\/","title":{"rendered":"GOBIERNO IMPARTE TALLER DE DERECHOS SEXUALES DIRIGIDO A LAS MUJERES DE PROGRAMAS CALLE Y NOCHE DIGNA"},"content":{"rendered":"\n<p>Con el objetivo de empoderar a trav\u00e9s de la educaci\u00f3n en derechos, en Punta Arenas se imparti\u00f3 un taller a mujeres participantes de los programas Calle y Noche Digna del Ministerio de Desarrollo Social y Familia, con finalidad de generar espacios de conocimiento sobre la salud sexual y reproductiva.<\/p>\n\n\n\n<p>Esta actividad se enmarca en el programa \u201cMujeres, Derechos Sexuales y Reproductivos\u201d, perteneciente al Servicio Nacional de la Mujer y la Equidad de G\u00e9nero (SernamEG), y que est\u00e1 siendo ejecutado a partir de este a\u00f1o por el Centro Asistencial Docente e Investigaci\u00f3n de la Universidad de Magallanes \u2013 CADI UMAG.<\/p>\n\n\n\n<p>El programa busca contribuir a fortalecer la autonom\u00eda f\u00edsica de las mujeres de 14 a\u00f1os y m\u00e1s por medio de la entrega de informaci\u00f3n y herramientas que fomenten el ejercicio pleno de los derechos sexuales y reproductivos, mediante la implementaci\u00f3n de iniciativas con enfoque de g\u00e9nero y derechos.<\/p>\n\n\n\n<p>Al respecto, Alejandra Ruiz Ovando, SEREMI de la Mujer y la Equidad de G\u00e9nero, explic\u00f3 que \u201ccon este Gobierno hemos alcanzado importantes avances en derechos sexuales y reproductivos impulsados por el Ministerio, como la incorporaci\u00f3n de las agresiones sexuales al GES, el aumento en el acceso a la ley IVE sobre despenalizaci\u00f3n de la interrupci\u00f3n voluntaria del embarazo y la fiscalizaci\u00f3n de su cumplimiento en centros de salud, la reducci\u00f3n en los precios de anticonceptivos, adem\u00e1s de implementar el retiro expedito cuando salgan partidas defectuosas. Acciones que refuerzan nuestro compromiso con los derechos de las mujeres en Chile\u201d.<\/p>\n\n\n\n<p>A su vez, la SEREMI de Desarrollo Social y Familia subrogante, Ingrid Thormann Fuentes, se\u00f1al\u00f3 que \u201ca trav\u00e9s de este programa de SernamEG se realiz\u00f3 por primera vez un taller dirigido a las mujeres en situaci\u00f3n de calle sobre derechos sexuales, usuarias que hist\u00f3ricamente han estado asociadas a nuestro ministerio, pero que necesitan de una oferta p\u00fablica transversal para lograr una superaci\u00f3n integral de la situaci\u00f3n de calle. El desaf\u00edo de la oferta va m\u00e1s all\u00e1 de garantizar un lugar donde pernoctar, o una raci\u00f3n de alimentos, porque debemos entender que la situaci\u00f3n de calle responde a m\u00faltiples factores, como el abandono, violencia intrafamiliar, salud mental, que debemos tratar para asegurar el bienestar de las mujeres que transitan en calle\u201d.<\/p>\n\n\n\n<p>En tanto, la Directora Regional de SernamEG, Pamela Leiva Burgos, destac\u00f3 la relevancia del Programa Mujeres, Derechos Sexuales y Reproductivos en la regi\u00f3n. \u201cPara nosotras es fundamental el fortalecer la autonom\u00eda y el empoderamiento de j\u00f3venes y mujeres en nuestra comunidad. A trav\u00e9s de talleres y coordinaciones intersectoriales como la pudimos organizar, aseguramos que las mujeres accedan a la informaci\u00f3n y servicios necesarios para ejercer plenamente sus derechos, siempre con un enfoque de g\u00e9nero y derechos humanos\u201d, manifest\u00f3.<\/p>\n\n\n\n<p>Finalmente, una de las participantes de la jornada, Catalella Hern\u00e1ndez, manifest\u00f3 \u201cque es muy bueno que se realice esta actividad porque al final la toman en cuenta, y somos personas, mujeres en situaci\u00f3n de calle que necesitamos saber de muchos temas. Bien que nos hayan hablado del autocuidado, de la protecci\u00f3n sexual, conociendo lo que est\u00e1 pasando contra nosotras, las mujeres transg\u00e9nero\u201d.<\/p>\n\n\n\n<p>El taller culmin\u00f3 con una ceremonia de certificaci\u00f3n en dependencias de la ANEF Magallanes, presidida por la SEREMI de la Mujer, Alejandra Ruiz; la SEREMI de Desarrollo Social y Familia (s), Ingrid Thormann, y la Directora Regional del SernamEG, Pamela Leiva.<\/p>\n","protected":false},"excerpt":{"rendered":"<p>Con el objetivo de empoderar a trav\u00e9s de la educaci\u00f3n en derechos, en Punta Arenas se imparti\u00f3 un taller a mujeres participantes de los programas Calle y Noche Digna del&#8230; <a class=\"read-more\" href=\"https:\/\/www.radiopresidenteibanez.cl\/web\/gobierno-imparte-taller-de-derechos-sexuales-dirigido-a-las-mujeres-de-programas-calle-y-noche-digna\/\">Leer m\u00e1s<\/a><\/p>\n","protected":false},"author":2,"featured_media":50753,"comment_status":"closed","ping_status":"closed","sticky":false,"template":"","format":"standard","meta":{"footnotes":""},"categories":[1],"tags":[],"class_list":["post-50752","post","type-post","status-publish","format-standard","has-post-thumbnail","hentry","category-cronica"],"_links":{"self":[{"href":"https:\/\/www.radiopresidenteibanez.cl\/web\/wp-json\/wp\/v2\/posts\/50752","targetHints":{"allow":["GET"]}}],"collection":[{"href":"https:\/\/www.radiopresidenteibanez.cl\/web\/wp-json\/wp\/v2\/posts"}],"about":[{"href":"https:\/\/www.radiopresidenteibanez.cl\/web\/wp-json\/wp\/v2\/types\/post"}],"author":[{"embeddable":true,"href":"https:\/\/www.radiopresidenteibanez.cl\/web\/wp-json\/wp\/v2\/users\/2"}],"replies":[{"embeddable":true,"href":"https:\/\/www.radiopresidenteibanez.cl\/web\/wp-json\/wp\/v2\/comments?post=50752"}],"version-history":[{"count":0,"href":"https:\/\/www.radiopresidenteibanez.cl\/web\/wp-json\/wp\/v2\/posts\/50752\/revisions"}],"wp:featuredmedia":[{"embeddable":true,"href":"https:\/\/www.radiopresidenteibanez.cl\/web\/wp-json\/wp\/v2\/media\/50753"}],"wp:attachment":[{"href":"https:\/\/www.radiopresidenteibanez.cl\/web\/wp-json\/wp\/v2\/media?parent=50752"}],"wp:term":[{"taxonomy":"category","embeddable":true,"href":"https:\/\/www.radiopresidenteibanez.cl\/web\/wp-json\/wp\/v2\/categories?post=50752"},{"taxonomy":"post_tag","embeddable":true,"href":"https:\/\/www.radiopresidenteibanez.cl\/web\/wp-json\/wp\/v2\/tags?post=50752"}],"curies":[{"name":"wp","href":"https:\/\/api.w.org\/{rel}","templated":true}]}}