{"id":50749,"date":"2024-08-22T10:49:00","date_gmt":"2024-08-22T13:49:00","guid":{"rendered":"https:\/\/www.radiopresidenteibanez.cl\/web\/?p=50749"},"modified":"2024-08-22T08:43:26","modified_gmt":"2024-08-22T11:43:26","slug":"y-tu-vendras-marchando-junto-a-mi-y-asi-veras-tu-canto-y-tu-bandera-florecer-canta-quilapayun","status":"publish","type":"post","link":"https:\/\/www.radiopresidenteibanez.cl\/web\/y-tu-vendras-marchando-junto-a-mi-y-asi-veras-tu-canto-y-tu-bandera-florecer-canta-quilapayun\/","title":{"rendered":"Y tu vendr\u00e1s marchando junto a mi y as\u00ed veras tu canto y tu bandera florecer..\u00bb canta Quilapayun"},"content":{"rendered":"\n<p>\u00bfTienen derechos los socios de un sindicato y cuales son estos?<br>Son todos los que genera la lucha reivindicativa y que se reflejan en los contratos colectivos que se suscriben.<br>Tambi\u00e9n lo son aquellos generados en la unidad con otras organizaciones, traducidos generalmente en espacios para la recreaci\u00f3n y la cultura.<br>Por \u00faltimo son derechos irrenunciables las iniciativas de educaci\u00f3n y capacitaci\u00f3n.<br>Dicha consecuci\u00f3n de derechos es fruto de la comuni\u00f3n de ideas de un colectivo y la legislaci\u00f3n deber\u00eda dejar claro que los mismos solo pueden beneficiar a quienes mantienen su militancia en todos los momentos y no solo cuando hay buenos resultados.<br>La organizaci\u00f3n sindical siempre ser\u00e1 el espacio desde el cual los trabajadores expresan su sentir y resuelven su accionar reivindicativo y social, por lo que ser parte de ella es una decisi\u00f3n que no debe estar expuesta a variables externas.<\/p>\n\n\n\n<p>2.- En palabras simples y claras, si se est\u00e1 con el sindicato es por siempre y no solo cuando hay resultados positivos, por lo que los beneficios que son fruto de la lucha de la organizaci\u00f3n, debieran llegar solo a quienes la integran.<br>Puede sonar a sectario o discriminador pero en esta confrontaci\u00f3n de clases debe quedar clarito en que lugar de la cancha se va a jugar.<br>Sostenemos con firmeza que los estatutos de las organizaciones deben dar cuenta de esta realidad y establecer con claridad absoluta cu\u00e1les son los derechos de los trabajadores organizados asi como y cuando estos se disfrutan.<\/p>\n","protected":false},"excerpt":{"rendered":"<p>\u00bfTienen derechos los socios de un sindicato y cuales son estos?Son todos los que genera la lucha reivindicativa y que se reflejan en los contratos colectivos que se suscriben.Tambi\u00e9n lo&#8230; <a class=\"read-more\" href=\"https:\/\/www.radiopresidenteibanez.cl\/web\/y-tu-vendras-marchando-junto-a-mi-y-asi-veras-tu-canto-y-tu-bandera-florecer-canta-quilapayun\/\">Leer m\u00e1s<\/a><\/p>\n","protected":false},"author":2,"featured_media":50750,"comment_status":"closed","ping_status":"closed","sticky":false,"template":"","format":"standard","meta":{"footnotes":""},"categories":[1],"tags":[],"class_list":["post-50749","post","type-post","status-publish","format-standard","has-post-thumbnail","hentry","category-cronica"],"_links":{"self":[{"href":"https:\/\/www.radiopresidenteibanez.cl\/web\/wp-json\/wp\/v2\/posts\/50749","targetHints":{"allow":["GET"]}}],"collection":[{"href":"https:\/\/www.radiopresidenteibanez.cl\/web\/wp-json\/wp\/v2\/posts"}],"about":[{"href":"https:\/\/www.radiopresidenteibanez.cl\/web\/wp-json\/wp\/v2\/types\/post"}],"author":[{"embeddable":true,"href":"https:\/\/www.radiopresidenteibanez.cl\/web\/wp-json\/wp\/v2\/users\/2"}],"replies":[{"embeddable":true,"href":"https:\/\/www.radiopresidenteibanez.cl\/web\/wp-json\/wp\/v2\/comments?post=50749"}],"version-history":[{"count":0,"href":"https:\/\/www.radiopresidenteibanez.cl\/web\/wp-json\/wp\/v2\/posts\/50749\/revisions"}],"wp:featuredmedia":[{"embeddable":true,"href":"https:\/\/www.radiopresidenteibanez.cl\/web\/wp-json\/wp\/v2\/media\/50750"}],"wp:attachment":[{"href":"https:\/\/www.radiopresidenteibanez.cl\/web\/wp-json\/wp\/v2\/media?parent=50749"}],"wp:term":[{"taxonomy":"category","embeddable":true,"href":"https:\/\/www.radiopresidenteibanez.cl\/web\/wp-json\/wp\/v2\/categories?post=50749"},{"taxonomy":"post_tag","embeddable":true,"href":"https:\/\/www.radiopresidenteibanez.cl\/web\/wp-json\/wp\/v2\/tags?post=50749"}],"curies":[{"name":"wp","href":"https:\/\/api.w.org\/{rel}","templated":true}]}}