{"id":50746,"date":"2024-08-22T09:39:00","date_gmt":"2024-08-22T12:39:00","guid":{"rendered":"https:\/\/www.radiopresidenteibanez.cl\/web\/?p=50746"},"modified":"2024-08-22T08:41:50","modified_gmt":"2024-08-22T11:41:50","slug":"mas-de-un-centenar-de-personas-participaron-del-seminario-de-economia-circular-de-la-seremi-del-medio-ambiente","status":"publish","type":"post","link":"https:\/\/www.radiopresidenteibanez.cl\/web\/mas-de-un-centenar-de-personas-participaron-del-seminario-de-economia-circular-de-la-seremi-del-medio-ambiente\/","title":{"rendered":"M\u00c1S DE UN CENTENAR DE PERSONAS PARTICIPARON DEL SEMINARIO DE ECONOM\u00cdA CIRCULAR DE LA SEREMI DEL MEDIO AMBIENTE"},"content":{"rendered":"\n<p>Ley de Responsabilidad Extendida del Productor (REP), Pl\u00e1sticos de un Solo Uso (PUSU),<br>Estrategia de Econom\u00eda Circular para Textiles, Fondos para el Reciclaje (FPR) y rellenos<br>sanitarios; fueron algunos de los temas que se trataron en profundidad a lo largo del<br>Seminario de Econom\u00eda Circular: Gesti\u00f3n de Residuos y Fomento del Reciclaje.<br>La actividad, realizada el pasado mi\u00e9rcoles 21 de agosto, cont\u00f3 con la participaci\u00f3n de m\u00e1s<br>de un centenar de personas, incluyendo autoridades regionales y representantes de todos los<br>municipios de la regi\u00f3n. Durante el seminario se subray\u00f3 la importancia de la gesti\u00f3n de<br>residuos como un desaf\u00edo colectivo, donde todos debemos asumir un rol activo.<br>Al respecto, el Seremi del Medio Ambiente de Magallanes, Enrique Rebolledo Toro<br>expres\u00f3 que: \u00abParte de nuestro compromiso como Ministerio y Gobierno de Chile es<br>acercar la informaci\u00f3n ambiental a las personas, porque m\u00e1s all\u00e1 de dictar leyes o<br>reglamentos, queremos que cada persona entienda y se apropie de estos conocimientos. La<br>gesti\u00f3n de residuos y el fomento al reciclaje no son s\u00f3lo tareas del Gobierno, sino de toda la<br>comunidad. Juntos debemos construir una regi\u00f3n m\u00e1s sostenible y consciente de su impacto<br>en el medio ambiente\u201d.<br>Durante el seminario, expusieron tanto representantes regionales como nacionales, entre<br>ellos, profesionales del nivel central del Ministerio del Medio Ambiente, quienes, tras sus<br>intervenciones, facilitaron un espacio de di\u00e1logo para que los asistentes pudieran resolver<br>sus dudas y consultas.<br>\u201cHab\u00eda una necesidad de la misma regi\u00f3n, que levantaron desde la Seremi, para poder venir<br>a comunicar temas que, muchas veces, la gente desconoce. Para nosotros, como nivel<br>central, es una oportunidad sumamente relevante escuchar de primera mano las realidades y<br>necesidades de una regi\u00f3n tan diversa como Magallanes. Sin duda, si no vienes ac\u00e1 y no<br>conversas con las personas y las municipalidades, es muy dif\u00edcil dimensionarlo. Salimos<br>con muchas tareas por hacer, pero contentas de que todos queremos reducir la generaci\u00f3n<br>de residuos, y tambi\u00e9n mucho m\u00e1s claros con las necesidades que tiene la regi\u00f3n\u201d, explic\u00f3<br>Paz Maluenda, profesional de la Oficina de Implementaci\u00f3n Legislativa y Econom\u00eda<br>Circular del Ministerio del Medio Ambiente y expositora en el seminario.<br>Luego del encuentro, el Seremi del Medio Ambiente, junto al Encargado de Econom\u00eda<br>Circular y gestor de la actividad, Jonathan Donaide; y las profesionales del nivel central;<br>sostuvieron una reuni\u00f3n con los encargados ambientales de todos los municipios de<br>Magallanes, para seguir avanzando en conjunto en impulsar pol\u00edticas y acciones que<br>fortalezcan el compromiso de la regi\u00f3n con el cuidado del medio ambiente y la transici\u00f3n<br>hacia una econom\u00eda circular.<\/p>\n","protected":false},"excerpt":{"rendered":"<p>Ley de Responsabilidad Extendida del Productor (REP), Pl\u00e1sticos de un Solo Uso (PUSU),Estrategia de Econom\u00eda Circular para Textiles, Fondos para el Reciclaje (FPR) y rellenossanitarios; fueron algunos de los temas&#8230; <a class=\"read-more\" href=\"https:\/\/www.radiopresidenteibanez.cl\/web\/mas-de-un-centenar-de-personas-participaron-del-seminario-de-economia-circular-de-la-seremi-del-medio-ambiente\/\">Leer m\u00e1s<\/a><\/p>\n","protected":false},"author":2,"featured_media":50747,"comment_status":"closed","ping_status":"closed","sticky":false,"template":"","format":"standard","meta":{"footnotes":""},"categories":[1],"tags":[],"class_list":["post-50746","post","type-post","status-publish","format-standard","has-post-thumbnail","hentry","category-cronica"],"_links":{"self":[{"href":"https:\/\/www.radiopresidenteibanez.cl\/web\/wp-json\/wp\/v2\/posts\/50746","targetHints":{"allow":["GET"]}}],"collection":[{"href":"https:\/\/www.radiopresidenteibanez.cl\/web\/wp-json\/wp\/v2\/posts"}],"about":[{"href":"https:\/\/www.radiopresidenteibanez.cl\/web\/wp-json\/wp\/v2\/types\/post"}],"author":[{"embeddable":true,"href":"https:\/\/www.radiopresidenteibanez.cl\/web\/wp-json\/wp\/v2\/users\/2"}],"replies":[{"embeddable":true,"href":"https:\/\/www.radiopresidenteibanez.cl\/web\/wp-json\/wp\/v2\/comments?post=50746"}],"version-history":[{"count":0,"href":"https:\/\/www.radiopresidenteibanez.cl\/web\/wp-json\/wp\/v2\/posts\/50746\/revisions"}],"wp:featuredmedia":[{"embeddable":true,"href":"https:\/\/www.radiopresidenteibanez.cl\/web\/wp-json\/wp\/v2\/media\/50747"}],"wp:attachment":[{"href":"https:\/\/www.radiopresidenteibanez.cl\/web\/wp-json\/wp\/v2\/media?parent=50746"}],"wp:term":[{"taxonomy":"category","embeddable":true,"href":"https:\/\/www.radiopresidenteibanez.cl\/web\/wp-json\/wp\/v2\/categories?post=50746"},{"taxonomy":"post_tag","embeddable":true,"href":"https:\/\/www.radiopresidenteibanez.cl\/web\/wp-json\/wp\/v2\/tags?post=50746"}],"curies":[{"name":"wp","href":"https:\/\/api.w.org\/{rel}","templated":true}]}}