{"id":50743,"date":"2024-08-22T08:27:07","date_gmt":"2024-08-22T11:27:07","guid":{"rendered":"https:\/\/www.radiopresidenteibanez.cl\/web\/?p=50743"},"modified":"2024-08-22T08:27:11","modified_gmt":"2024-08-22T11:27:11","slug":"10-puestos-de-venta-de-personas-jovenes-conforman-la-feria-juventudes-emprendedoras-en-mall-espacio-urbano","status":"publish","type":"post","link":"https:\/\/www.radiopresidenteibanez.cl\/web\/10-puestos-de-venta-de-personas-jovenes-conforman-la-feria-juventudes-emprendedoras-en-mall-espacio-urbano\/","title":{"rendered":"10 PUESTOS DE VENTA DE PERSONAS JOVENES CONFORMAN LA \u00abFERIA JUVENTUDES EMPRENDEDORAS\u00bb EN MALL ESPACIO URBANO"},"content":{"rendered":"\n<p>La feria Juventudes Emprendedoras es otra de las actividades que Injuv Magallanes est\u00e1 realizando en conmemoraci\u00f3n al mes de las juventudes dando espacio a 10 personas j\u00f3venes de la comuna de Punta Arenas para que puedan mostrar su trabajo a la comunidad y as\u00ed puedan conocer sus emprendimientos.<\/p>\n\n\n\n<p>Los emprendedores que se presentan en esta primera versi\u00f3n son, Paloma Savareses Alarc\u00f3n con Art\u00edculos arte manual, Jimena Barrientos Miranda Confecci\u00f3n de Ropa, Damaris Aguilar Maturana \u201cGatitos de Lana\u201d, Valeria Perez Fuentealba \u201cYuukie Store\u201d, Vanessa Gallardo Sotomayor con Art\u00edculos de papeler\u00eda, Rodrigo Llano Orellana Art\u00edculos de Hogar, Joselyn Alvarado Barr\u00eda Sodori Kpop, Daniela Lav\u00edn Garrido con Bisuter\u00eda, Chiara Romero Soto \u201cEstampado Vale\u201d, \u00a1P\u00eda Plaza Vald\u00e9s \u201cBlurumi Tejidos!\u201d<\/p>\n\n\n\n<p>Esta feria estar\u00e1 presente en Mall Espacio Urbano Pionero desde el 21 de agosto hasta el domingo 25 de agosto.<\/p>\n\n\n\n<p>El Instituto Nacional de la juventud reconoce en estos 10 emprendimientos un ejemplo m\u00e1s que, desde diversas \u00e1reas, las juventudes contribuyen a la sociedad con su fuerza transformadora.<\/p>\n\n\n\n<p>Este mes de las juventudes tiene como fin promover el rol de los y las j\u00f3venes en los procesos de cambio y adem\u00e1s generar conciencia sobre los desaf\u00edos y problemas a los que \u00e9stos\/as se enfrentan.<\/p>\n","protected":false},"excerpt":{"rendered":"<p>La feria Juventudes Emprendedoras es otra de las actividades que Injuv Magallanes est\u00e1 realizando en conmemoraci\u00f3n al mes de las juventudes dando espacio a 10 personas j\u00f3venes de la comuna&#8230; <a class=\"read-more\" href=\"https:\/\/www.radiopresidenteibanez.cl\/web\/10-puestos-de-venta-de-personas-jovenes-conforman-la-feria-juventudes-emprendedoras-en-mall-espacio-urbano\/\">Leer m\u00e1s<\/a><\/p>\n","protected":false},"author":2,"featured_media":50744,"comment_status":"closed","ping_status":"closed","sticky":false,"template":"","format":"standard","meta":{"footnotes":""},"categories":[1],"tags":[],"class_list":["post-50743","post","type-post","status-publish","format-standard","has-post-thumbnail","hentry","category-cronica"],"_links":{"self":[{"href":"https:\/\/www.radiopresidenteibanez.cl\/web\/wp-json\/wp\/v2\/posts\/50743","targetHints":{"allow":["GET"]}}],"collection":[{"href":"https:\/\/www.radiopresidenteibanez.cl\/web\/wp-json\/wp\/v2\/posts"}],"about":[{"href":"https:\/\/www.radiopresidenteibanez.cl\/web\/wp-json\/wp\/v2\/types\/post"}],"author":[{"embeddable":true,"href":"https:\/\/www.radiopresidenteibanez.cl\/web\/wp-json\/wp\/v2\/users\/2"}],"replies":[{"embeddable":true,"href":"https:\/\/www.radiopresidenteibanez.cl\/web\/wp-json\/wp\/v2\/comments?post=50743"}],"version-history":[{"count":0,"href":"https:\/\/www.radiopresidenteibanez.cl\/web\/wp-json\/wp\/v2\/posts\/50743\/revisions"}],"wp:featuredmedia":[{"embeddable":true,"href":"https:\/\/www.radiopresidenteibanez.cl\/web\/wp-json\/wp\/v2\/media\/50744"}],"wp:attachment":[{"href":"https:\/\/www.radiopresidenteibanez.cl\/web\/wp-json\/wp\/v2\/media?parent=50743"}],"wp:term":[{"taxonomy":"category","embeddable":true,"href":"https:\/\/www.radiopresidenteibanez.cl\/web\/wp-json\/wp\/v2\/categories?post=50743"},{"taxonomy":"post_tag","embeddable":true,"href":"https:\/\/www.radiopresidenteibanez.cl\/web\/wp-json\/wp\/v2\/tags?post=50743"}],"curies":[{"name":"wp","href":"https:\/\/api.w.org\/{rel}","templated":true}]}}