{"id":50740,"date":"2024-08-21T18:59:00","date_gmt":"2024-08-21T21:59:00","guid":{"rendered":"https:\/\/www.radiopresidenteibanez.cl\/web\/?p=50740"},"modified":"2024-08-21T11:51:28","modified_gmt":"2024-08-21T14:51:28","slug":"se-inaugura-espacio-infantil-con-apoyo-de-estudiantes-de-tecnico-en-parvulo-mencion-inclusion-de-cft-magallanes","status":"publish","type":"post","link":"https:\/\/www.radiopresidenteibanez.cl\/web\/se-inaugura-espacio-infantil-con-apoyo-de-estudiantes-de-tecnico-en-parvulo-mencion-inclusion-de-cft-magallanes\/","title":{"rendered":"SE INAUGURA ESPACIO INFANTIL CON APOYO DE ESTUDIANTES DE TECNICO EN PARVULO MENCION INCLUSION DE CFT MAGALLANES"},"content":{"rendered":"\n<p>La iniciativa entregar\u00e1 un espacio para que ni\u00f1as y ni\u00f1os que visitan la Delegaci\u00f3n, puedan<br>recrearse de manera segura y did\u00e1ctica a trav\u00e9s de los libros y juegos dispuestos especialmente<br>para ellos en la sala de atenciones de la instituci\u00f3n gubernamental.<br>\u201cCon esta implementaci\u00f3n se espera mejorar la experiencia de atenci\u00f3n a usuarios que llegan<br>hasta la Delegaci\u00f3n de Tierra del Fuego junto a ni\u00f1os, de manera que sus madres, padres o<br>cuidadoras puedan realizar sus tr\u00e1mites en un espacio acogedor e inclusivo en l\u00ednea con generar<br>buenas pr\u00e1cticas de atenci\u00f3n\u201d se\u00f1al\u00f3 el delegado presidencial provincial, Jos\u00e9 Campos Prieto.<br>La elaboraci\u00f3n de este rinc\u00f3n infantil tambi\u00e9n fue apoyada por la Fundaci\u00f3n Integra, quienes a<br>trav\u00e9s de su director regional, Alan Carrasco Concha aportaron con un librero, libros, sillas y<br>mesas. \u00abEstamos contentos de haber podido colaborar con la Delegaci\u00f3n Presidencial Provincial de Tierra del Fuego en esta iniciativa que busca generar un espacio l\u00fadico para las ni\u00f1as y ni\u00f1os que visitan sus dependencias junto a sus familias, relevando su protagonismo en los espacios p\u00fablicos, poniendo a disposici\u00f3n diferentes recursos did\u00e1cticos y educativos para que puedan jugar y explorar, resguardando su bienestar integral\u00bb.<br>El levantamiento de este espacio contempla \u00e1reas \u201cpara desarrollar la motricidad fina, sector de<br>juegos, rinc\u00f3n de lectura, materiales para que moldeen, adem\u00e1s de la decoraci\u00f3n que tambi\u00e9n fue<br>realizado por las alumnas, que se sumaron a este trabajo conjunto entre la Delegaci\u00f3n<br>Presidencial, Fundaci\u00f3n Integra y CFT Magallanes principalmente\u201d se\u00f1al\u00f3 Elizabeth Moraga,<br>coordinadora de la carrera de T\u00e9cnico de Nivel Superior en P\u00e1rvulo, menci\u00f3n especial en Inclusi\u00f3n<br>del Centro de Formaci\u00f3n T\u00e9cnica de Magallanes.<\/p>\n","protected":false},"excerpt":{"rendered":"<p>La iniciativa entregar\u00e1 un espacio para que ni\u00f1as y ni\u00f1os que visitan la Delegaci\u00f3n, puedanrecrearse de manera segura y did\u00e1ctica a trav\u00e9s de los libros y juegos dispuestos especialmentepara ellos&#8230; <a class=\"read-more\" href=\"https:\/\/www.radiopresidenteibanez.cl\/web\/se-inaugura-espacio-infantil-con-apoyo-de-estudiantes-de-tecnico-en-parvulo-mencion-inclusion-de-cft-magallanes\/\">Leer m\u00e1s<\/a><\/p>\n","protected":false},"author":2,"featured_media":50741,"comment_status":"closed","ping_status":"closed","sticky":false,"template":"","format":"standard","meta":{"footnotes":""},"categories":[1],"tags":[],"class_list":["post-50740","post","type-post","status-publish","format-standard","has-post-thumbnail","hentry","category-cronica"],"_links":{"self":[{"href":"https:\/\/www.radiopresidenteibanez.cl\/web\/wp-json\/wp\/v2\/posts\/50740","targetHints":{"allow":["GET"]}}],"collection":[{"href":"https:\/\/www.radiopresidenteibanez.cl\/web\/wp-json\/wp\/v2\/posts"}],"about":[{"href":"https:\/\/www.radiopresidenteibanez.cl\/web\/wp-json\/wp\/v2\/types\/post"}],"author":[{"embeddable":true,"href":"https:\/\/www.radiopresidenteibanez.cl\/web\/wp-json\/wp\/v2\/users\/2"}],"replies":[{"embeddable":true,"href":"https:\/\/www.radiopresidenteibanez.cl\/web\/wp-json\/wp\/v2\/comments?post=50740"}],"version-history":[{"count":0,"href":"https:\/\/www.radiopresidenteibanez.cl\/web\/wp-json\/wp\/v2\/posts\/50740\/revisions"}],"wp:featuredmedia":[{"embeddable":true,"href":"https:\/\/www.radiopresidenteibanez.cl\/web\/wp-json\/wp\/v2\/media\/50741"}],"wp:attachment":[{"href":"https:\/\/www.radiopresidenteibanez.cl\/web\/wp-json\/wp\/v2\/media?parent=50740"}],"wp:term":[{"taxonomy":"category","embeddable":true,"href":"https:\/\/www.radiopresidenteibanez.cl\/web\/wp-json\/wp\/v2\/categories?post=50740"},{"taxonomy":"post_tag","embeddable":true,"href":"https:\/\/www.radiopresidenteibanez.cl\/web\/wp-json\/wp\/v2\/tags?post=50740"}],"curies":[{"name":"wp","href":"https:\/\/api.w.org\/{rel}","templated":true}]}}