{"id":50737,"date":"2024-08-21T17:58:00","date_gmt":"2024-08-21T20:58:00","guid":{"rendered":"https:\/\/www.radiopresidenteibanez.cl\/web\/?p=50737"},"modified":"2024-08-21T11:42:51","modified_gmt":"2024-08-21T14:42:51","slug":"subsecretario-de-prevision-social-desarrollo-nutrida-agenda-en-punta-arenas","status":"publish","type":"post","link":"https:\/\/www.radiopresidenteibanez.cl\/web\/subsecretario-de-prevision-social-desarrollo-nutrida-agenda-en-punta-arenas\/","title":{"rendered":"SUBSECRETARIO DE PREVISION SOCIAL DESARROLLO NUTRIDA AGENDA EN PUNTA ARENAS"},"content":{"rendered":"\n<p>Una intensa agenda desarroll\u00f3 en la ciudad de Punta Arenas el subsecretario de Previsi\u00f3n Social, Claudio Reyes Barrientos, quien realiz\u00f3 este despliegue a la zona para difundir y conversar con la comunidad sobre hitos relevantes en materia previsional, tales como la Ley Karin y la conmemoraci\u00f3n de los 100 a\u00f1os de la Seguridad Social en Chile que se viven este 2024.<br>Asimismo, el subsecretario se refiri\u00f3 a la actual discusi\u00f3n de la reforma de pensiones, se\u00f1alando la<br>necesidad de avanzar en este sentido.<br>Durante la primera jornada, el equipo que acompa\u00f1\u00f3 a la autoridad llev\u00f3 a cabo una charla sobre<br>la Ley Karin a representantes del mundo del trabajo, funcionarios y funcionarias p\u00fablicas, as\u00ed como<br>autoridades que se dieron cita en el sal\u00f3n de la Anef Magallanes, convocando a cerca de un<br>centenar de personas.<br>En tanto, el segundo d\u00eda se reuni\u00f3 con el gabinete regional ampliado a los servicios de la cartera<br>del Trabajo y Previsi\u00f3n Social, posterior a lo cual el subsecretario desarroll\u00f3 la charla magistral:<br>\u201c100 a\u00f1os de la Seguridad Social en Chile\u201d con un amplio marco de p\u00fablico en el que se<br>encontraban autoridades locales, representantes de Gendarmer\u00eda y Carabineros, del mundo<br>acad\u00e9mico, agrupaciones de adultos mayores, sindicatos, empresas y mutualidades.<br>Al respecto, la autoridad nacional se\u00f1al\u00f3 que: \u201cHemos dado una charla sobre los 100 a\u00f1os de la<br>seguridad social. Una historia plagada de dificultades, situaciones complejas que han dado origen<br>a leyes que han ido transformando el trabajo en un trabajo m\u00e1s digno y decente. Nos hemos<br>referido a leyes como la Ley de la Silla, la creaci\u00f3n de las cajas de previsi\u00f3n social y del propio<br>Ministerio del Trabajo. Hoy estamos enfrentados a nuevos cambios del entorno laboral para<br>hacerlo m\u00e1s decente, como la Ley Karin, la Ley Sanna, las 40 Horas o el aumento del salario<br>m\u00ednimo han contribuido a eso. Falta dar pasos que estamos directamente comprometidos a<br>lograrlos, entre ellos, una reforma previsional que traiga pensiones m\u00e1s dignas para todos y<br>todas\u201d.<br>\u201cEl subsecretario desarroll\u00f3 una agenda desde el d\u00eda de ayer (lunes). Tuvimos un encuentro<br>masivo en la sede sindical de la Anef para dar difusi\u00f3n a aspectos generales y espec\u00edficos de la Ley<br>Karin, normativa que busca introducir un cambio cultural muy profundo en la forma en que nos<br>tratamos en el espacio laboral, tanto p\u00fablico como privado. Fue un momento clave de la agenda<\/p>\n\n\n\n<p>del subsecretario. Luego tuvimos oportunidad de compartir en el gabinete regional ampliado al<br>gabinete laboral previsional c\u00f3mo va el desarrollo de la agenda en materia de nuestra reforma<br>previsional y hemos cerrado con esta charla magistral de los 100 a\u00f1os de la Seguridad Social, en la<br>que ha relevado principios que son parte del desarrollo hist\u00f3rico que la seguridad social ha tenido<br>a partir de la lucha de las y los trabajadores\u201d, destac\u00f3 la Seremi del Trabajo y Previsi\u00f3n Social,<br>Doris Sandoval Miranda.<br>Sobre esta lucha destacada en la clase magistral del subsecretario, habl\u00f3 la presidenta de la<br>Central Unitaria de Trabajadores (CUT) Magallanes, Pamela Gotta Moil, quien tambi\u00e9n hizo un<br>llamado a generar los acuerdos para lograr una reforma previsional necesaria para los actuales<br>adultos mayores.<br>\u201cEs agradable haber presenciado esta charla magistral donde el subsecretario hace hincapi\u00e9 en la<br>historia del desarrollo de los derechos sociales en Chile. Son 100 a\u00f1os y hemos avanzado gracias a<br>la lucha de los dirigentes para alcanzar esos derechos que son tan necesarios para la ciudadan\u00eda y<br>los trabajadores. Lo que necesitamos ahora es que realmente se genere esa reforma previsional<br>tan necesaria, no puede ser que todav\u00eda tengamos personas de m\u00e1s de 70 a\u00f1os trabajando para<br>sostenerse mes a mes. Es obligaci\u00f3n como sociedad el poder llegar a esa tan anhelada reforma de<br>pensiones\u201d, recalc\u00f3.<br>En su alocuci\u00f3n, el subsecretario hizo un repaso por la historia de los movimientos sociales que<br>dieron pie a las primeras normativas para proteger a las personas en sus lugares de trabajo, en<br>1924, se\u00f1alando que Chile fue uno de los primeros pa\u00edses en establecer un sistema de Seguridad<br>Social en el hemisferio occidental, pasando por la Ley de la Silla, la creaci\u00f3n del C\u00f3digo del Trabajo,<br>el Seguro Obrero, las cajas previsionales, las AFPs, la Pensi\u00f3n B\u00e1sica Solidaria y la PGU, avanzando<br>as\u00ed en la historia previsional del pa\u00eds.<br>Durante su segunda jornada, la autoridad tuvo la oportunidad de detallar parte de la discusi\u00f3n de<br>la Reforma de Pensiones al gabinete regional, laboral y previsional; as\u00ed como de conversar con los<br>medios de comunicaci\u00f3n para exponer los hitos de la cartera en esta materia, cerrando as\u00ed su<br>visita a la regi\u00f3n.<\/p>\n\n\n\n<p><\/p>\n","protected":false},"excerpt":{"rendered":"<p>Una intensa agenda desarroll\u00f3 en la ciudad de Punta Arenas el subsecretario de Previsi\u00f3n Social, Claudio Reyes Barrientos, quien realiz\u00f3 este despliegue a la zona para difundir y conversar con&#8230; <a class=\"read-more\" href=\"https:\/\/www.radiopresidenteibanez.cl\/web\/subsecretario-de-prevision-social-desarrollo-nutrida-agenda-en-punta-arenas\/\">Leer m\u00e1s<\/a><\/p>\n","protected":false},"author":2,"featured_media":50738,"comment_status":"closed","ping_status":"closed","sticky":false,"template":"","format":"standard","meta":{"footnotes":""},"categories":[1],"tags":[],"class_list":["post-50737","post","type-post","status-publish","format-standard","has-post-thumbnail","hentry","category-cronica"],"_links":{"self":[{"href":"https:\/\/www.radiopresidenteibanez.cl\/web\/wp-json\/wp\/v2\/posts\/50737","targetHints":{"allow":["GET"]}}],"collection":[{"href":"https:\/\/www.radiopresidenteibanez.cl\/web\/wp-json\/wp\/v2\/posts"}],"about":[{"href":"https:\/\/www.radiopresidenteibanez.cl\/web\/wp-json\/wp\/v2\/types\/post"}],"author":[{"embeddable":true,"href":"https:\/\/www.radiopresidenteibanez.cl\/web\/wp-json\/wp\/v2\/users\/2"}],"replies":[{"embeddable":true,"href":"https:\/\/www.radiopresidenteibanez.cl\/web\/wp-json\/wp\/v2\/comments?post=50737"}],"version-history":[{"count":0,"href":"https:\/\/www.radiopresidenteibanez.cl\/web\/wp-json\/wp\/v2\/posts\/50737\/revisions"}],"wp:featuredmedia":[{"embeddable":true,"href":"https:\/\/www.radiopresidenteibanez.cl\/web\/wp-json\/wp\/v2\/media\/50738"}],"wp:attachment":[{"href":"https:\/\/www.radiopresidenteibanez.cl\/web\/wp-json\/wp\/v2\/media?parent=50737"}],"wp:term":[{"taxonomy":"category","embeddable":true,"href":"https:\/\/www.radiopresidenteibanez.cl\/web\/wp-json\/wp\/v2\/categories?post=50737"},{"taxonomy":"post_tag","embeddable":true,"href":"https:\/\/www.radiopresidenteibanez.cl\/web\/wp-json\/wp\/v2\/tags?post=50737"}],"curies":[{"name":"wp","href":"https:\/\/api.w.org\/{rel}","templated":true}]}}