{"id":50734,"date":"2024-08-21T17:49:00","date_gmt":"2024-08-21T20:49:00","guid":{"rendered":"https:\/\/www.radiopresidenteibanez.cl\/web\/?p=50734"},"modified":"2024-08-21T10:52:13","modified_gmt":"2024-08-21T13:52:13","slug":"remate-3","status":"publish","type":"post","link":"https:\/\/www.radiopresidenteibanez.cl\/web\/remate-3\/","title":{"rendered":"REMATE"},"content":{"rendered":"\n<p>Se anuncia remate judicial, que se desarrollara el d\u00eda viernes 06 de septiembre de 2024 a las 13:30 horas, en calle Lautaro Navarro Nro. 1048, Punta Arenas y a trav\u00e9s de la plataforma ZOOM. Se subastar\u00e1n 3 inmuebles de forma separada cada uno de ellos, el primero ubicado en Avenida Espa\u00f1a Nro.1324 o 1334, <a>con m\u00ednimo de subasta 9.254,12 UF;<\/a> el segundo en Avenida Crist\u00f3bal Colon Nro.1145, con m\u00ednimo de subasta 5.355,45 UF y el tercero en Avenida Crist\u00f3bal Colon Nro.1155 con m\u00ednimo de subasta UF 4.244,69 UF, todos de la ciudad y comuna Punta Arenas.\u00a0 M\u00ednimo fijado para participar 10% del valor se\u00f1alado para cada propiedad, no se pierdan esta GRAN OPORTUNIDAD, mayor informaci\u00f3n en el correo: <a href=\"mailto:contacto@ojedayasociados.cl\">contacto@ojedayasociados.cl<\/a> y en el tel\u00e9fono +56930215162.<\/p>\n","protected":false},"excerpt":{"rendered":"<p>Se anuncia remate judicial, que se desarrollara el d\u00eda viernes 06 de septiembre de 2024 a las 13:30 horas, en calle Lautaro Navarro Nro. 1048, Punta Arenas y a trav\u00e9s&#8230; <a class=\"read-more\" href=\"https:\/\/www.radiopresidenteibanez.cl\/web\/remate-3\/\">Leer m\u00e1s<\/a><\/p>\n","protected":false},"author":2,"featured_media":50735,"comment_status":"closed","ping_status":"closed","sticky":false,"template":"","format":"standard","meta":{"footnotes":""},"categories":[1],"tags":[],"class_list":["post-50734","post","type-post","status-publish","format-standard","has-post-thumbnail","hentry","category-cronica"],"_links":{"self":[{"href":"https:\/\/www.radiopresidenteibanez.cl\/web\/wp-json\/wp\/v2\/posts\/50734","targetHints":{"allow":["GET"]}}],"collection":[{"href":"https:\/\/www.radiopresidenteibanez.cl\/web\/wp-json\/wp\/v2\/posts"}],"about":[{"href":"https:\/\/www.radiopresidenteibanez.cl\/web\/wp-json\/wp\/v2\/types\/post"}],"author":[{"embeddable":true,"href":"https:\/\/www.radiopresidenteibanez.cl\/web\/wp-json\/wp\/v2\/users\/2"}],"replies":[{"embeddable":true,"href":"https:\/\/www.radiopresidenteibanez.cl\/web\/wp-json\/wp\/v2\/comments?post=50734"}],"version-history":[{"count":0,"href":"https:\/\/www.radiopresidenteibanez.cl\/web\/wp-json\/wp\/v2\/posts\/50734\/revisions"}],"wp:featuredmedia":[{"embeddable":true,"href":"https:\/\/www.radiopresidenteibanez.cl\/web\/wp-json\/wp\/v2\/media\/50735"}],"wp:attachment":[{"href":"https:\/\/www.radiopresidenteibanez.cl\/web\/wp-json\/wp\/v2\/media?parent=50734"}],"wp:term":[{"taxonomy":"category","embeddable":true,"href":"https:\/\/www.radiopresidenteibanez.cl\/web\/wp-json\/wp\/v2\/categories?post=50734"},{"taxonomy":"post_tag","embeddable":true,"href":"https:\/\/www.radiopresidenteibanez.cl\/web\/wp-json\/wp\/v2\/tags?post=50734"}],"curies":[{"name":"wp","href":"https:\/\/api.w.org\/{rel}","templated":true}]}}