{"id":50728,"date":"2024-08-21T16:39:00","date_gmt":"2024-08-21T19:39:00","guid":{"rendered":"https:\/\/www.radiopresidenteibanez.cl\/web\/?p=50728"},"modified":"2024-08-21T10:45:56","modified_gmt":"2024-08-21T13:45:56","slug":"autoridades-universitarias-y-afum-firman-protocolo-de-acuerdo-que-pone-fin-a-movilizacion-del-gremio","status":"publish","type":"post","link":"https:\/\/www.radiopresidenteibanez.cl\/web\/autoridades-universitarias-y-afum-firman-protocolo-de-acuerdo-que-pone-fin-a-movilizacion-del-gremio\/","title":{"rendered":"AUTORIDADES UNIVERSITARIAS Y AFUM FIRMAN PROTOCOLO DE ACUERDO QUE PONE FIN A MOVILIZACION DEL GREMIO"},"content":{"rendered":"\n<p>Este martes 20 de agosto, cerca del mediod\u00eda, las autoridades universitarias encabezadas por la rectora (S) de la UMAG, Anah\u00ed C\u00e1rcamo \u00c1guila, y la directiva de la Asociaci\u00f3n de Funcionarios (AFUM), firmaron un protocolo de acuerdo que dio por finalizada la movilizaci\u00f3n que el gremio inici\u00f3 el pasado lunes 12 de agosto pidiendo respuesta a un petitorio presentado con anterioridad a Rector\u00eda.<\/p>\n\n\n\n<p>El documento suscrito da respuesta a la totalidad de los puntos planteados por la AFUM como es el&nbsp;encasillamiento del personal a la planta; asignaci\u00f3n t\u00e9cnica y\/o profesional para el personal del escalaf\u00f3n administrativo y auxiliar; disminuir la sobrecarga laboral del personal de servicios generales y beneficio de colaci\u00f3n para trabajadores y trabajadoras que realizan sus funciones en turno de la tarde y jornada vespertina. En el caso de las dos primeras solicitudes, ser\u00e1n llevadas al Pleno de la Junta Directiva o Consejo Superior durante los meses de agosto y septiembre, respectivamente.<\/p>\n\n\n\n<p>El vicerrector de Administraci\u00f3n y Finanzas,&nbsp;<strong>Fredy Cabezas,<\/strong>&nbsp;se refiri\u00f3 a los acuerdos alcanzados con las y los funcionarios.&nbsp; \u201cEn t\u00e9rminos generales las demandas iban por el tema de la carrera funcionaria, una demanda leg\u00edtima que, en realidad, era algo que est\u00e1bamos trabajando desde hace un tiempo. Ahora llegamos a un acuerdo para que esa carrera funcionaria sea m\u00e1s \u00e1gil, para que la gente pueda obtener mejores compensaciones desde el punto de vista de sus remuneraciones y con mayor prontitud para que esa carrera funcionaria no quede estancada\u201d, coment\u00f3.<\/p>\n\n\n\n<p><strong>M\u00f3nica \u00c1lvarez,<\/strong>&nbsp;presidenta de la AFUM, en tanto, se mostr\u00f3 satisfecha con el acuerdo, asegurando que \u201cde los cuatro puntos que nosotros colocamos en nuestro petitorio inicial, el 100% de ellos fueron abordados por la autoridad\u201d.&nbsp; Seg\u00fan coment\u00f3 \u201cten\u00edamos un proceso de encasillamiento que estaba pendiente por muchos a\u00f1os y nos vimos obligados a tomar medidas de presi\u00f3n para que finalmente hoy d\u00eda podamos disfrutar de este acuerdo que hemos firmado\u201d. Junto con ello, la dirigenta aprovech\u00f3 de agradecer el apoyo recibido a sus demandas por parte de la Federaci\u00f3n de Estudiantes (FEUM).<\/p>\n\n\n\n<p>Al cierre, el documento declara que \u201clas partes reconocen la disposici\u00f3n al di\u00e1logo y la intenci\u00f3n de llegar a un pronto acuerdo teniendo como fin el bien superior de la Universidad.&nbsp;&nbsp; La Universidad se compromete a tomar todas las medidas necesarias para garantizar que ning\u00fan funcionario\/a, miembro o representante de la AFUM sufra repercusiones, directas o indirectas, como resultado de su participaci\u00f3n en las negociaciones, expresar sus demandas laborales, o por la manifestaci\u00f3n de opiniones leg\u00edtimas\u201d.<\/p>\n","protected":false},"excerpt":{"rendered":"<p>Este martes 20 de agosto, cerca del mediod\u00eda, las autoridades universitarias encabezadas por la rectora (S) de la UMAG, Anah\u00ed C\u00e1rcamo \u00c1guila, y la directiva de la Asociaci\u00f3n de Funcionarios&#8230; <a class=\"read-more\" href=\"https:\/\/www.radiopresidenteibanez.cl\/web\/autoridades-universitarias-y-afum-firman-protocolo-de-acuerdo-que-pone-fin-a-movilizacion-del-gremio\/\">Leer m\u00e1s<\/a><\/p>\n","protected":false},"author":2,"featured_media":50732,"comment_status":"closed","ping_status":"closed","sticky":false,"template":"","format":"standard","meta":{"footnotes":""},"categories":[1],"tags":[],"class_list":["post-50728","post","type-post","status-publish","format-standard","has-post-thumbnail","hentry","category-cronica"],"_links":{"self":[{"href":"https:\/\/www.radiopresidenteibanez.cl\/web\/wp-json\/wp\/v2\/posts\/50728","targetHints":{"allow":["GET"]}}],"collection":[{"href":"https:\/\/www.radiopresidenteibanez.cl\/web\/wp-json\/wp\/v2\/posts"}],"about":[{"href":"https:\/\/www.radiopresidenteibanez.cl\/web\/wp-json\/wp\/v2\/types\/post"}],"author":[{"embeddable":true,"href":"https:\/\/www.radiopresidenteibanez.cl\/web\/wp-json\/wp\/v2\/users\/2"}],"replies":[{"embeddable":true,"href":"https:\/\/www.radiopresidenteibanez.cl\/web\/wp-json\/wp\/v2\/comments?post=50728"}],"version-history":[{"count":0,"href":"https:\/\/www.radiopresidenteibanez.cl\/web\/wp-json\/wp\/v2\/posts\/50728\/revisions"}],"wp:featuredmedia":[{"embeddable":true,"href":"https:\/\/www.radiopresidenteibanez.cl\/web\/wp-json\/wp\/v2\/media\/50732"}],"wp:attachment":[{"href":"https:\/\/www.radiopresidenteibanez.cl\/web\/wp-json\/wp\/v2\/media?parent=50728"}],"wp:term":[{"taxonomy":"category","embeddable":true,"href":"https:\/\/www.radiopresidenteibanez.cl\/web\/wp-json\/wp\/v2\/categories?post=50728"},{"taxonomy":"post_tag","embeddable":true,"href":"https:\/\/www.radiopresidenteibanez.cl\/web\/wp-json\/wp\/v2\/tags?post=50728"}],"curies":[{"name":"wp","href":"https:\/\/api.w.org\/{rel}","templated":true}]}}