{"id":50725,"date":"2024-08-21T15:28:00","date_gmt":"2024-08-21T18:28:00","guid":{"rendered":"https:\/\/www.radiopresidenteibanez.cl\/web\/?p=50725"},"modified":"2024-08-21T10:32:12","modified_gmt":"2024-08-21T13:32:12","slug":"con-actividades-buscaran-generar-vinculo-de-plan-nacional-de-busqueda-con-ciudadania-magallanica","status":"publish","type":"post","link":"https:\/\/www.radiopresidenteibanez.cl\/web\/con-actividades-buscaran-generar-vinculo-de-plan-nacional-de-busqueda-con-ciudadania-magallanica\/","title":{"rendered":"CON ACTIVIDADES BUSCAR\u00c1N GENERAR VINCULO DE PLAN NACIONAL DE B\u00daSQUEDA CON CIUDADAN\u00cdA MAGALL\u00c1NICA"},"content":{"rendered":"\n<p>Para dar cuenta de los avances y acciones del trabajo que desarrolla a nivel nacional y regional el<br>Plan Nacional de B\u00fasqueda, Verdad y Justicia, esta semana se constituir\u00e1 en Punta Arenas un<br>equipo del Programa de Derechos Humanos de la Subsecretar\u00eda de Derechos Humanos,<br>encabezado por su Jefa, Paulina Zamorano, quien cumplir\u00e1 una serie de actividades e instancias de<br>di\u00e1logo en contacto con la agrupaciones de Derechos Humanos y la comunidad magall\u00e1nica.<br>As\u00ed lo inform\u00f3 la Seremi de Justicia y DD.HH., Michelle Peutat Alvarado, destacando la relevancia<br>del Plan Nacional de B\u00fasqueda (PNB), que \u201ces una pol\u00edtica p\u00fablica permanente del Estado de Chile, que tiene que ver con esclarecer las trayectorias de vida de personas que fueron desaparecidas, en qu\u00e9 lugares estuvieron y ojal\u00e1, de manera lo m\u00e1s deseable posible saber d\u00f3nde est\u00e1n los restos de las m\u00e1s de mil personas detenidas desaparecidas, y restituirlas a sus familias como medida de reparaci\u00f3n, pero tambi\u00e9n como garant\u00eda de no repetici\u00f3n\u201d.<br>Agreg\u00f3 que en la oportunidad se buscar\u00e1 generar un v\u00ednculo con la comunidad acerca de la<br>existencia del Plan, de la misma manera como se ha venido realizando su difusi\u00f3n durante en el<br>marco de las \u201cPlazas de Justicia y Derechos Humanos\u201d desarrolladas en INACAP Punta Arenas<br>(martes 13) y la Universidad de Magallanes (martes 20).<br>La autoridad formul\u00f3 una invitaci\u00f3n a la ciudadan\u00eda a hacerse parte de las actividades que se han<br>coordinado en el marco de la visita del PNB a la regi\u00f3n. All\u00ed destaca principalmente la exhibici\u00f3n<br>del documental \u201cTierra de Nadie\u201d, el jueves 22 de agosto a las 18:00 horas en el cine del Mall<br>\u201cEspacio Urbano Pionero\u201d. Esta obra se centra en el caso de Silvio Bettancourt Bahamonde,<br>detenido desaparecido el 13 de septiembre de 1973 en Punta Arenas. En la oportunidad, se\u00f1al\u00f3<br>que estar\u00e1n presentes su hermana y su familia, que viajaron desde Europa a participar de esta<br>actividad, la que ser\u00e1 gratuita y contar\u00e1 con 150 cupos disponibles (por orden de llegada).<br>Adem\u00e1s mencion\u00f3 la realizaci\u00f3n del Seminario: \u00abPlan Nacional de B\u00fasqueda, Una Pol\u00edtica P\u00fablica<br>con Memoria\u00bb, que tendr\u00e1 lugar el viernes 23 de agosto, a contar de las 09:00 horas, en el<br>Auditorio Hospital Cl\u00ednico de Magallanes. La autoridad regional destac\u00f3 que esta instancia apunta<br>a que la comunidad conozca el PNB, c\u00f3mo ha avanzado a nivel nacional y detalles de su trabajo en la regi\u00f3n, junto a la labor especializada que desarrolla el Servicio M\u00e9dico Legal en materia forense en este contexto, adem\u00e1s del testimonio de la familia de Silvio Bettancourt.<\/p>\n\n\n\n<p>Como arista importante en la difusi\u00f3n del PNB en la regi\u00f3n, el martes 27 de agosto se contempla<br>participar en la Feria Vocacional del Liceo Sara Braun con un stand del Plan Nacional de B\u00fasqueda,<br>y as\u00ed tambi\u00e9n s\u00e1bado 31 figura la participaci\u00f3n en la EXPO Joven (en Zona Franca). Todo ello, con el objetivo de posicionar esta herramienta que busca dar respuesta a la necesidad hist\u00f3rica de<br>entregar verdad y justicia a las y los familiares de las personas v\u00edctimas de desaparici\u00f3n forzada.<\/p>\n","protected":false},"excerpt":{"rendered":"<p>Para dar cuenta de los avances y acciones del trabajo que desarrolla a nivel nacional y regional elPlan Nacional de B\u00fasqueda, Verdad y Justicia, esta semana se constituir\u00e1 en Punta&#8230; <a class=\"read-more\" href=\"https:\/\/www.radiopresidenteibanez.cl\/web\/con-actividades-buscaran-generar-vinculo-de-plan-nacional-de-busqueda-con-ciudadania-magallanica\/\">Leer m\u00e1s<\/a><\/p>\n","protected":false},"author":2,"featured_media":50726,"comment_status":"closed","ping_status":"closed","sticky":false,"template":"","format":"standard","meta":{"footnotes":""},"categories":[1],"tags":[],"class_list":["post-50725","post","type-post","status-publish","format-standard","has-post-thumbnail","hentry","category-cronica"],"_links":{"self":[{"href":"https:\/\/www.radiopresidenteibanez.cl\/web\/wp-json\/wp\/v2\/posts\/50725","targetHints":{"allow":["GET"]}}],"collection":[{"href":"https:\/\/www.radiopresidenteibanez.cl\/web\/wp-json\/wp\/v2\/posts"}],"about":[{"href":"https:\/\/www.radiopresidenteibanez.cl\/web\/wp-json\/wp\/v2\/types\/post"}],"author":[{"embeddable":true,"href":"https:\/\/www.radiopresidenteibanez.cl\/web\/wp-json\/wp\/v2\/users\/2"}],"replies":[{"embeddable":true,"href":"https:\/\/www.radiopresidenteibanez.cl\/web\/wp-json\/wp\/v2\/comments?post=50725"}],"version-history":[{"count":0,"href":"https:\/\/www.radiopresidenteibanez.cl\/web\/wp-json\/wp\/v2\/posts\/50725\/revisions"}],"wp:featuredmedia":[{"embeddable":true,"href":"https:\/\/www.radiopresidenteibanez.cl\/web\/wp-json\/wp\/v2\/media\/50726"}],"wp:attachment":[{"href":"https:\/\/www.radiopresidenteibanez.cl\/web\/wp-json\/wp\/v2\/media?parent=50725"}],"wp:term":[{"taxonomy":"category","embeddable":true,"href":"https:\/\/www.radiopresidenteibanez.cl\/web\/wp-json\/wp\/v2\/categories?post=50725"},{"taxonomy":"post_tag","embeddable":true,"href":"https:\/\/www.radiopresidenteibanez.cl\/web\/wp-json\/wp\/v2\/tags?post=50725"}],"curies":[{"name":"wp","href":"https:\/\/api.w.org\/{rel}","templated":true}]}}