{"id":50722,"date":"2024-08-21T13:56:00","date_gmt":"2024-08-21T16:56:00","guid":{"rendered":"https:\/\/www.radiopresidenteibanez.cl\/web\/?p=50722"},"modified":"2024-08-21T10:27:45","modified_gmt":"2024-08-21T13:27:45","slug":"gasco-magallanes-suscribio-plan-30-30-de-la-municipalidad-de-punta-arenas","status":"publish","type":"post","link":"https:\/\/www.radiopresidenteibanez.cl\/web\/gasco-magallanes-suscribio-plan-30-30-de-la-municipalidad-de-punta-arenas\/","title":{"rendered":"GASCO MAGALLANES SUSCRIBIO PLAN 30\/30 DE LA MUNICIPALIDAD DE PUNTA ARENAS"},"content":{"rendered":"\n<p>La idea es disminuir la huella de carbono en Punta Arenas un 30 por ciento al 2030. La iniciativa es de la Municipalidad de Punta Arenas y hoy GASCO Magallanes suscribi\u00f3 un convenio a partir del cual se hizo parte de esta iniciativa medioambiental, denominada Plan 30\/30.<\/p>\n\n\n\n<p>As\u00ed lo destac\u00f3 Sergio Huepe, Gerente de Negocios de GASCO Magallanes, quien explic\u00f3 que la empresa trabaja hace varios a\u00f1os en la l\u00ednea de promover el uso seguro y eficiente de la energ\u00eda. \u201cNos queda totalmente alineado a nuestro prop\u00f3sito de eficiencia y que mejor que tener un socio como el municipio para darle m\u00e1s fuerza, difusi\u00f3n a este programa y poder sumar a la ciudadan\u00eda\u201d, explic\u00f3 el ejecutivo.<\/p>\n\n\n\n<p>La participaci\u00f3n de GASCO contempla la medici\u00f3n de la huella de carbono de sus oficinas, como as\u00ed tambi\u00e9n incentivar el control en los sistemas de calefacci\u00f3n, aislaci\u00f3n t\u00e9rmica en los hogares y acciones que pueden impactar en forma importante en la disminuci\u00f3n de la emisi\u00f3n de gases de efecto invernadero.<\/p>\n\n\n\n<p>Claudio Radonich, Alcalde de Punta Arenas, junto con agradecer la inclusi\u00f3n de la empresa en el Plan 30\/30 explic\u00f3 que \u201cel 58 por ciento de la contaminaci\u00f3n que tiene nuestra ciudad por los gases de efecto invernadero, viene justamente de la parte residencial, un n\u00famero muy importante justamente sobre la calefacci\u00f3n. Lo que buscamos es que nos calefaccionemos, pero de una manera m\u00e1s eficiente, de tal manera de ahorrar plata, pero tambi\u00e9n de cuidar el medio ambiente\u201d.<\/p>\n","protected":false},"excerpt":{"rendered":"<p>La idea es disminuir la huella de carbono en Punta Arenas un 30 por ciento al 2030. La iniciativa es de la Municipalidad de Punta Arenas y hoy GASCO Magallanes&#8230; <a class=\"read-more\" href=\"https:\/\/www.radiopresidenteibanez.cl\/web\/gasco-magallanes-suscribio-plan-30-30-de-la-municipalidad-de-punta-arenas\/\">Leer m\u00e1s<\/a><\/p>\n","protected":false},"author":2,"featured_media":50723,"comment_status":"closed","ping_status":"closed","sticky":false,"template":"","format":"standard","meta":{"footnotes":""},"categories":[1],"tags":[],"class_list":["post-50722","post","type-post","status-publish","format-standard","has-post-thumbnail","hentry","category-cronica"],"_links":{"self":[{"href":"https:\/\/www.radiopresidenteibanez.cl\/web\/wp-json\/wp\/v2\/posts\/50722","targetHints":{"allow":["GET"]}}],"collection":[{"href":"https:\/\/www.radiopresidenteibanez.cl\/web\/wp-json\/wp\/v2\/posts"}],"about":[{"href":"https:\/\/www.radiopresidenteibanez.cl\/web\/wp-json\/wp\/v2\/types\/post"}],"author":[{"embeddable":true,"href":"https:\/\/www.radiopresidenteibanez.cl\/web\/wp-json\/wp\/v2\/users\/2"}],"replies":[{"embeddable":true,"href":"https:\/\/www.radiopresidenteibanez.cl\/web\/wp-json\/wp\/v2\/comments?post=50722"}],"version-history":[{"count":0,"href":"https:\/\/www.radiopresidenteibanez.cl\/web\/wp-json\/wp\/v2\/posts\/50722\/revisions"}],"wp:featuredmedia":[{"embeddable":true,"href":"https:\/\/www.radiopresidenteibanez.cl\/web\/wp-json\/wp\/v2\/media\/50723"}],"wp:attachment":[{"href":"https:\/\/www.radiopresidenteibanez.cl\/web\/wp-json\/wp\/v2\/media?parent=50722"}],"wp:term":[{"taxonomy":"category","embeddable":true,"href":"https:\/\/www.radiopresidenteibanez.cl\/web\/wp-json\/wp\/v2\/categories?post=50722"},{"taxonomy":"post_tag","embeddable":true,"href":"https:\/\/www.radiopresidenteibanez.cl\/web\/wp-json\/wp\/v2\/tags?post=50722"}],"curies":[{"name":"wp","href":"https:\/\/api.w.org\/{rel}","templated":true}]}}