{"id":5072,"date":"2019-06-15T18:09:23","date_gmt":"2019-06-15T18:09:23","guid":{"rendered":"http:\/\/www.radiopresidenteibanez.cl\/web\/?p=5072"},"modified":"2019-06-15T18:09:43","modified_gmt":"2019-06-15T18:09:43","slug":"parkinson-como-afrontar-la-segunda-enfermedad-neurodegenerativa-en-los-adultos-mayores","status":"publish","type":"post","link":"https:\/\/www.radiopresidenteibanez.cl\/web\/parkinson-como-afrontar-la-segunda-enfermedad-neurodegenerativa-en-los-adultos-mayores\/","title":{"rendered":"PARKINSON: C\u00d3MO AFRONTAR LA SEGUNDA ENFERMEDAD NEURODEGENERATIVA EN LOS ADULTOS MAYORES"},"content":{"rendered":"\n<p> La enfermedad de Parkinson es un padecimiento progresivo del sistema nervioso que afecta el movimiento. Tiene relaci\u00f3n con el envejecimiento y se trata de la segunda enfermedad neurodegenerativa en Chile, luego del Alzheimer.<\/p>\n\n\n\n<p><br>\u201cEl diagnosticar un Parkinson cambia la vida de la persona, porque sabemos que en la medida que vaya envejeciendo, va a haber discapacidad. Por lo tanto, hay que hacer una intervenci\u00f3n. Es del grupo de enfermedades en que la intervenci\u00f3n social y en rehabilitaci\u00f3n es muy potente y muy necesaria\u201d, explica el m\u00e9dico geriatra, Ram\u00f3n Lobos.<\/p>\n\n\n\n<p><br>Los s\u00edntomas del Parkinson comienzan de manera gradual, en ocasiones con un temblor apenas perceptible en una mano. Si bien lo usual es que existan temblores, la enfermedad tambi\u00e9n puede causar rigidez o disminuci\u00f3n del movimiento.\u00a0<\/p>\n\n\n\n<p><br>\u201cLos s\u00edntomas son el temblor, el enlentecimiento de la persona, la inestabilidad en la marcha y problemas de la marcha, como las ca\u00eddas, por lo tanto, tiene una gran cantidad de secuelas asociadas a su evoluci\u00f3n. Por eso, es importante diagnosticarlo precozmente, porque el tratamiento bien llevado hace que la persona vaya retardando la aparici\u00f3n de estos s\u00edntomas, que son bastante complicados para el desarrollo de la vida diaria\u201d, explica el especialista.<\/p>\n\n\n\n<p><br>Otros s\u00edntomas son rigidez muscular, alteraci\u00f3n de la postura y el equilibrio, la p\u00e9rdida de los movimientos autom\u00e1ticos, cambios en el habla y en la escritura.\u00a0<\/p>\n\n\n\n<p><br>\u201cImplica muchos cuidados, hay que educar mucho al paciente, a la familia, a la red que los atiende, porque si bien tiene un tratamiento farmacol\u00f3gico que es diferenciado para cada paciente, tambi\u00e9n tiene tratamientos no farmacol\u00f3gicos, que es potenciar las capacidades de la persona, cosa que estos deterioros no se noten\u201d, indic\u00f3 Lobos, agregando que, por ejemplo, si el paciente tiene temblores, se debe favorecer ejercicios que desarrollen la fuerza muscular; en otros casos, fortalecer el desarrollo intelectual, debido a que en formas m\u00e1s avanzadas de Parkinson, esta enfermedad se asocia a deterioro cognitivo. \u201cEso hace que ellos se a\u00edslen mucho m\u00e1s. Por lo tanto la familia tiene que jugar un rol muy importante en cuanto a la motivaci\u00f3n y a la activaci\u00f3n\u201d, se\u00f1al\u00f3 el m\u00e9dico.\u00a0<\/p>\n\n\n\n<p><br>Si bien no existen cifras a nivel regional respecto a esta enfermedad, el Parkinson afecta a cerca del 1% de la poblaci\u00f3n mayor de 60 a\u00f1os, por lo que se presume que, aproximadamente, 200 pacientes del sistema p\u00fablico podr\u00edan padecer esta enfermedad. <\/p>\n\n\n\n<figure class=\"wp-block-image\"><img loading=\"lazy\" decoding=\"async\" width=\"900\" height=\"599\" src=\"http:\/\/www.radiopresidenteibanez.cl\/web\/wp-content\/uploads\/2019\/03\/RAMON-LOBOS-2-1.jpg-1.jpg\" alt=\"\" class=\"wp-image-2457\" srcset=\"https:\/\/www.radiopresidenteibanez.cl\/web\/wp-content\/uploads\/2019\/03\/RAMON-LOBOS-2-1.jpg-1.jpg 900w, https:\/\/www.radiopresidenteibanez.cl\/web\/wp-content\/uploads\/2019\/03\/RAMON-LOBOS-2-1.jpg-1-300x200.jpg 300w, https:\/\/www.radiopresidenteibanez.cl\/web\/wp-content\/uploads\/2019\/03\/RAMON-LOBOS-2-1.jpg-1-768x511.jpg 768w\" sizes=\"auto, (max-width: 900px) 100vw, 900px\" \/><\/figure>\n","protected":false},"excerpt":{"rendered":"<p>La enfermedad de Parkinson es un padecimiento progresivo del sistema nervioso que afecta el movimiento. Tiene relaci\u00f3n con el envejecimiento y se trata de la segunda enfermedad neurodegenerativa en Chile,&#8230; <a class=\"read-more\" href=\"https:\/\/www.radiopresidenteibanez.cl\/web\/parkinson-como-afrontar-la-segunda-enfermedad-neurodegenerativa-en-los-adultos-mayores\/\">Leer m\u00e1s<\/a><\/p>\n","protected":false},"author":2,"featured_media":2457,"comment_status":"closed","ping_status":"closed","sticky":false,"template":"","format":"standard","meta":{"footnotes":""},"categories":[1],"tags":[],"class_list":["post-5072","post","type-post","status-publish","format-standard","has-post-thumbnail","hentry","category-cronica"],"_links":{"self":[{"href":"https:\/\/www.radiopresidenteibanez.cl\/web\/wp-json\/wp\/v2\/posts\/5072","targetHints":{"allow":["GET"]}}],"collection":[{"href":"https:\/\/www.radiopresidenteibanez.cl\/web\/wp-json\/wp\/v2\/posts"}],"about":[{"href":"https:\/\/www.radiopresidenteibanez.cl\/web\/wp-json\/wp\/v2\/types\/post"}],"author":[{"embeddable":true,"href":"https:\/\/www.radiopresidenteibanez.cl\/web\/wp-json\/wp\/v2\/users\/2"}],"replies":[{"embeddable":true,"href":"https:\/\/www.radiopresidenteibanez.cl\/web\/wp-json\/wp\/v2\/comments?post=5072"}],"version-history":[{"count":0,"href":"https:\/\/www.radiopresidenteibanez.cl\/web\/wp-json\/wp\/v2\/posts\/5072\/revisions"}],"wp:featuredmedia":[{"embeddable":true,"href":"https:\/\/www.radiopresidenteibanez.cl\/web\/wp-json\/wp\/v2\/media\/2457"}],"wp:attachment":[{"href":"https:\/\/www.radiopresidenteibanez.cl\/web\/wp-json\/wp\/v2\/media?parent=5072"}],"wp:term":[{"taxonomy":"category","embeddable":true,"href":"https:\/\/www.radiopresidenteibanez.cl\/web\/wp-json\/wp\/v2\/categories?post=5072"},{"taxonomy":"post_tag","embeddable":true,"href":"https:\/\/www.radiopresidenteibanez.cl\/web\/wp-json\/wp\/v2\/tags?post=5072"}],"curies":[{"name":"wp","href":"https:\/\/api.w.org\/{rel}","templated":true}]}}