{"id":50719,"date":"2024-08-21T12:43:00","date_gmt":"2024-08-21T15:43:00","guid":{"rendered":"https:\/\/www.radiopresidenteibanez.cl\/web\/?p=50719"},"modified":"2024-08-21T10:17:04","modified_gmt":"2024-08-21T13:17:04","slug":"seremi-de-la-mujer-invita-a-dialogar-a-vecinas-de-poblacion-archipielago-de-chiloe","status":"publish","type":"post","link":"https:\/\/www.radiopresidenteibanez.cl\/web\/seremi-de-la-mujer-invita-a-dialogar-a-vecinas-de-poblacion-archipielago-de-chiloe\/","title":{"rendered":"SEREMI DE LA MUJER INVITA A DIALOGAR A VECINAS DE POBLACION ARCHIPIELAGO DE CHILOE"},"content":{"rendered":"\n<p>El pr\u00f3ximo s\u00e1bado 24 de agosto a las 18:00 hrs., se realizar\u00e1 una jornada de Di\u00e1logos<br>Participativos en la sede de la Junta Vecinal ubicada en Santa Juana N\u00b0 065, dirigida a<br>todas las vecinas de la poblaci\u00f3n Archipi\u00e9lagos de Chilo\u00e9. Esta actividad, organizada en<br>respuesta a las solicitudes de la comunidad organizada, es una oportunidad para que las<br>mujeres del sector sur de Punta Arenas puedan dialogar directamente con autoridades<br>regionales sobre las problem\u00e1ticas que afectan su d\u00eda a d\u00eda.<br>La actividad se origina durante la reciente jornada de Gabinete en Terreno, donde se<br>identificaron brechas significativas en el acceso a servicios p\u00fablicos para las mujeres de la<br>poblaci\u00f3n, en particular, se resalt\u00f3 la necesidad de mejorar el acceso a programas de<br>trabajo y fomentar la autonom\u00eda econ\u00f3mica. En respuesta a estas preocupaciones, la<br>SEREMI de la Mujer y Equidad de G\u00e9nero, Alejandra Ruiz Ovando, junto a la SEREMI de<br>Trabajo y Previsi\u00f3n Social, SEREMI de Desarrollo Social y Familia, Servicio Nacional de la<br>Mujer y la Equidad de G\u00e9nero, FOSIS Magallanes, SERCOTEC, el Servicio Nacional de<br>Capacitaci\u00f3n y Empleo (SENCE), y la Fundaci\u00f3n PRODEMU, estar\u00e1n presentes para<br>escuchar y comprometerse con soluciones concretas.<br>La SEREMI de la Mujer y Equidad de G\u00e9nero, Alejandra Ruiz Ovando, hizo un llamado a<br>las vecinas: \u00abInvitamos a todas las mujeres de la poblaci\u00f3n Archipi\u00e9lagos de Chilo\u00e9 a<br>sumarse a este di\u00e1logo participativo. Esta es una tarea que nos encomend\u00f3 el Presidente<br>Boric: estar en terreno, escuchando y resolviendo las necesidades de las comunidades.<br>Es una oportunidad valiosa para escuchar sus necesidades y trabajar juntas en<br>soluciones que mejoren su calidad de vida y la de su comunidad. \u00a1Las esperamos!\u00bb.<br>Adem\u00e1s, las asistentes podr\u00e1n obtener informaci\u00f3n y atenci\u00f3n del Registro Social de<br>Hogares, e intermediaci\u00f3n laboral del SENCE, as\u00ed como plantear sus inquietudes y<br>propuestas directamente a quienes toman las decisiones en la regi\u00f3n, por lo que se<br>espera que sea una instancia para fortalecer la participaci\u00f3n ciudadana y seguir<br>construyendo barrios y vecindades m\u00e1s seguras e inclusivas para todos y todas.<\/p>\n","protected":false},"excerpt":{"rendered":"<p>El pr\u00f3ximo s\u00e1bado 24 de agosto a las 18:00 hrs., se realizar\u00e1 una jornada de Di\u00e1logosParticipativos en la sede de la Junta Vecinal ubicada en Santa Juana N\u00b0 065, dirigida&#8230; <a class=\"read-more\" href=\"https:\/\/www.radiopresidenteibanez.cl\/web\/seremi-de-la-mujer-invita-a-dialogar-a-vecinas-de-poblacion-archipielago-de-chiloe\/\">Leer m\u00e1s<\/a><\/p>\n","protected":false},"author":2,"featured_media":50720,"comment_status":"closed","ping_status":"closed","sticky":false,"template":"","format":"standard","meta":{"footnotes":""},"categories":[1],"tags":[],"class_list":["post-50719","post","type-post","status-publish","format-standard","has-post-thumbnail","hentry","category-cronica"],"_links":{"self":[{"href":"https:\/\/www.radiopresidenteibanez.cl\/web\/wp-json\/wp\/v2\/posts\/50719","targetHints":{"allow":["GET"]}}],"collection":[{"href":"https:\/\/www.radiopresidenteibanez.cl\/web\/wp-json\/wp\/v2\/posts"}],"about":[{"href":"https:\/\/www.radiopresidenteibanez.cl\/web\/wp-json\/wp\/v2\/types\/post"}],"author":[{"embeddable":true,"href":"https:\/\/www.radiopresidenteibanez.cl\/web\/wp-json\/wp\/v2\/users\/2"}],"replies":[{"embeddable":true,"href":"https:\/\/www.radiopresidenteibanez.cl\/web\/wp-json\/wp\/v2\/comments?post=50719"}],"version-history":[{"count":0,"href":"https:\/\/www.radiopresidenteibanez.cl\/web\/wp-json\/wp\/v2\/posts\/50719\/revisions"}],"wp:featuredmedia":[{"embeddable":true,"href":"https:\/\/www.radiopresidenteibanez.cl\/web\/wp-json\/wp\/v2\/media\/50720"}],"wp:attachment":[{"href":"https:\/\/www.radiopresidenteibanez.cl\/web\/wp-json\/wp\/v2\/media?parent=50719"}],"wp:term":[{"taxonomy":"category","embeddable":true,"href":"https:\/\/www.radiopresidenteibanez.cl\/web\/wp-json\/wp\/v2\/categories?post=50719"},{"taxonomy":"post_tag","embeddable":true,"href":"https:\/\/www.radiopresidenteibanez.cl\/web\/wp-json\/wp\/v2\/tags?post=50719"}],"curies":[{"name":"wp","href":"https:\/\/api.w.org\/{rel}","templated":true}]}}