{"id":50716,"date":"2024-08-21T11:34:00","date_gmt":"2024-08-21T14:34:00","guid":{"rendered":"https:\/\/www.radiopresidenteibanez.cl\/web\/?p=50716"},"modified":"2024-08-21T10:02:40","modified_gmt":"2024-08-21T13:02:40","slug":"una-paloma-me-dijo-que-volando-sobre-espana-salir-oyo-esta-cancion-del-pecho-de-una-guitarra-cantan-marta-contreras","status":"publish","type":"post","link":"https:\/\/www.radiopresidenteibanez.cl\/web\/una-paloma-me-dijo-que-volando-sobre-espana-salir-oyo-esta-cancion-del-pecho-de-una-guitarra-cantan-marta-contreras\/","title":{"rendered":"Una paloma me dijo que volando sobre Espa\u00f1a salir oy\u00f3 esta canci\u00f3n del pecho de una guitarra..\u00bb cantan Marta Contreras"},"content":{"rendered":"\n<p>Bastante &#8211; mucho m\u00e1s de lo que ser\u00eda la excepci\u00f3n a la regla &#8211; es la cantidad de dirigentes que est\u00e1n buscando con sus empleadores, la mejor manera de terminar anticipadamente el contrato de trabajo, pidiendo para ello que se les paguen algunos meses de indemnizaci\u00f3n, m\u00e1s all\u00e1 de la que por ley les corresponde de ser despedidos por necesidades de la empresa.<br>Llegan al extremo de la desverg\u00fcenza al manifestarse dispuestos incluso a renunciar al fuero que les protege en su calidad de dirigentes sindicales.<br>Una sucia y asquerosa venta del fuero. Se presentan con un buen discurso y dan la imagen de estar dispuestos a ayudar a quienes lo requieran para sacar adelante la organizaci\u00f3n. No obstante, una vez electos solo se dedican a usufructuar del cargo que consiguieron y del fuero que les entrega su condici\u00f3n de dirigentes. No les importa lo que puede suceder a sus compa\u00f1eros de trabajo y muy sueltos de cuerpo utilizan permisos sindicales para no cumplir sus labores y tratar de sacar beneficios personales.<\/p>\n\n\n\n<p>2.- En los sindicatos se vive una crisis real y desde hace mucho tiempo.<br>Como los trabajadores no est\u00e1n dispuestos a hacer cambios pues estos les obligar\u00e1n a asumir compromisos, toleran en silencio las faltas a la moral de tipos que carecen de escr\u00fapulos, lo que provoca que la organizaci\u00f3n decaiga en su gesti\u00f3n y se transforme finalmente en un instrumento que no sirve a nadie, para benepl\u00e1cito de los patrones que viven esperando que esto suceda.<br>El camino es claro y se llama censura, las condiciones para aplicarla est\u00e1n en el c\u00f3digo del trabajo y los estatutos del sindicato.<br>A los malos elementos hay que sacarlos y de una.<br>Hay que tener siempre en cuenta que el \u00fanico camino para mejorar las condiciones se llama organizaci\u00f3n y todos tenemos la responsabilidad de construirla y de defenderla de los que buscan destruirla.<\/p>\n","protected":false},"excerpt":{"rendered":"<p>Bastante &#8211; mucho m\u00e1s de lo que ser\u00eda la excepci\u00f3n a la regla &#8211; es la cantidad de dirigentes que est\u00e1n buscando con sus empleadores, la mejor manera de terminar&#8230; <a class=\"read-more\" href=\"https:\/\/www.radiopresidenteibanez.cl\/web\/una-paloma-me-dijo-que-volando-sobre-espana-salir-oyo-esta-cancion-del-pecho-de-una-guitarra-cantan-marta-contreras\/\">Leer m\u00e1s<\/a><\/p>\n","protected":false},"author":2,"featured_media":50717,"comment_status":"closed","ping_status":"closed","sticky":false,"template":"","format":"standard","meta":{"footnotes":""},"categories":[1],"tags":[],"class_list":["post-50716","post","type-post","status-publish","format-standard","has-post-thumbnail","hentry","category-cronica"],"_links":{"self":[{"href":"https:\/\/www.radiopresidenteibanez.cl\/web\/wp-json\/wp\/v2\/posts\/50716","targetHints":{"allow":["GET"]}}],"collection":[{"href":"https:\/\/www.radiopresidenteibanez.cl\/web\/wp-json\/wp\/v2\/posts"}],"about":[{"href":"https:\/\/www.radiopresidenteibanez.cl\/web\/wp-json\/wp\/v2\/types\/post"}],"author":[{"embeddable":true,"href":"https:\/\/www.radiopresidenteibanez.cl\/web\/wp-json\/wp\/v2\/users\/2"}],"replies":[{"embeddable":true,"href":"https:\/\/www.radiopresidenteibanez.cl\/web\/wp-json\/wp\/v2\/comments?post=50716"}],"version-history":[{"count":0,"href":"https:\/\/www.radiopresidenteibanez.cl\/web\/wp-json\/wp\/v2\/posts\/50716\/revisions"}],"wp:featuredmedia":[{"embeddable":true,"href":"https:\/\/www.radiopresidenteibanez.cl\/web\/wp-json\/wp\/v2\/media\/50717"}],"wp:attachment":[{"href":"https:\/\/www.radiopresidenteibanez.cl\/web\/wp-json\/wp\/v2\/media?parent=50716"}],"wp:term":[{"taxonomy":"category","embeddable":true,"href":"https:\/\/www.radiopresidenteibanez.cl\/web\/wp-json\/wp\/v2\/categories?post=50716"},{"taxonomy":"post_tag","embeddable":true,"href":"https:\/\/www.radiopresidenteibanez.cl\/web\/wp-json\/wp\/v2\/tags?post=50716"}],"curies":[{"name":"wp","href":"https:\/\/api.w.org\/{rel}","templated":true}]}}