{"id":50713,"date":"2024-08-21T10:27:00","date_gmt":"2024-08-21T13:27:00","guid":{"rendered":"https:\/\/www.radiopresidenteibanez.cl\/web\/?p=50713"},"modified":"2024-08-21T09:30:50","modified_gmt":"2024-08-21T12:30:50","slug":"crece-interes-de-las-familias-natalinas-por-normalizar-la-irregularidad-de-sus-terrenos","status":"publish","type":"post","link":"https:\/\/www.radiopresidenteibanez.cl\/web\/crece-interes-de-las-familias-natalinas-por-normalizar-la-irregularidad-de-sus-terrenos\/","title":{"rendered":"CRECE INTERES DE LAS FAMILIAS NATALINAS POR NORMALIZAR LA IRREGULARIDAD DE SUS TERRENOS"},"content":{"rendered":"\n<p>Dentro de las facultades que la ley otorga al Ministerio de Bienes Nacionales se encuentra<br>la regularizaci\u00f3n de t\u00edtulos de dominio a trav\u00e9s del Decreto Ley N\u00b0 2.695 promulgado en el<br>a\u00f1o 1979. Esta labor es una de las facetas m\u00e1s cercanas y conocidas que tiene esta<br>repartici\u00f3n estatal.<br>De esta manera, cada a\u00f1o, seg\u00fan se cumplan los requisitos que exige la ley, las personas<br>se acercan hasta la oficina regional y a las Delegaciones Presidenciales Provinciales que<br>son visitadas para acceder a informaci\u00f3n, orientaci\u00f3n y as\u00ed dar inicio al procedimiento de<br>regularizaci\u00f3n.<br>\u201cNo tenemos oficinas provinciales, pero procuramos estar presentes de la manera m\u00e1s<br>frecuente que sea posible en cada territorio. As\u00ed hemos podido conocer y atender casos<br>desde Puerto Ed\u00e9n hasta Puerto Williams llevando seguridad social y econ\u00f3mica a las<br>vecinos y vecinas\u201d dice el Seremi de la cartera, Sergio Reyes.<br>De esta manera, la secretar\u00eda regional estuvo presente recientemente en Porvenir,<br>capacitando a m\u00e1s de veinte personas adultas mayores que pertenecen al programa<br>V\u00ednculos del Ministerio de Desarrollo Social y atendiendo diversos casos en la delegaci\u00f3n<br>provincial. Luego visit\u00f3 la ciudad de Puerto Natales, donde la abogada a cargo de la<br>Unidad de Regularizaci\u00f3n de t\u00edtulos de dominio, Pricilla King, llam\u00f3 la atenci\u00f3n respecto al<br>sostenido incremento de consultas que se est\u00e1 dando durante lo que va de este a\u00f1o.<br>\u201cAl momento de iniciar el tr\u00e1mite de una venta o de una posesi\u00f3n efectiva puede ocurrir<br>que la persona se percate que no tiene derechos sobre el inmueble. As\u00ed, en la \u00faltima visita<br>a la Provincia de \u00daltima Esperanza nos encontramos con un incremento de atenciones en<br>materia de regularizaci\u00f3n, con personas, en su mayor\u00eda adultos mayores, que buscan<br>obtener certeza jur\u00eddica del inmueble que poseen. Es all\u00ed donde emergen las dudas, las<br>que se pueden volver m\u00e1s complejas si consideramos que los conservadores de bienes<br>ra\u00edces de las ciudades de Porvenir y Puerto Natales fueron siniestrados en la d\u00e9cada de<br>los sesenta haciendo desaparecer cualquier vestigio legal de las casas m\u00e1s antiguas\u201d.<br>Tal es el caso de don Carlos Montiel, quien a sus sesenta y cinco a\u00f1os y tras una d\u00e9cada<br>de la compra de acciones y derechos de una propiedad urbana, ubicada en lo que se<br>conoce como Poblaci\u00f3n \u201cPuerto Natales\u201d (donde producto del incendio del Conservador<br>se quem\u00f3 el t\u00edtulo de dominio), pudo por fin recibir su escritura de manos del Delegado<br>Presidencial Provincial, Guillermo Ruiz y el seremi Sergio Reyes.<br>\u201cEsto es un orgullo y un alivio, dijo, que pone fin a diez a\u00f1os de paciente espera, durante<br>los cuales busqu\u00e9 informaci\u00f3n de la propiedad sin encontrarla. La escritura original se<\/p>\n\n\n\n<p>2<\/p>\n\n\n\n<p>quem\u00f3 y tuve que empezar de cero. La pandemia me pill\u00f3 y fue Bienes Nacionales quien<br>me ayud\u00f3. \u00a1Fue como un amigo en el camino!\u201d<\/p>\n","protected":false},"excerpt":{"rendered":"<p>Dentro de las facultades que la ley otorga al Ministerio de Bienes Nacionales se encuentrala regularizaci\u00f3n de t\u00edtulos de dominio a trav\u00e9s del Decreto Ley N\u00b0 2.695 promulgado en ela\u00f1o&#8230; <a class=\"read-more\" href=\"https:\/\/www.radiopresidenteibanez.cl\/web\/crece-interes-de-las-familias-natalinas-por-normalizar-la-irregularidad-de-sus-terrenos\/\">Leer m\u00e1s<\/a><\/p>\n","protected":false},"author":2,"featured_media":50714,"comment_status":"closed","ping_status":"closed","sticky":false,"template":"","format":"standard","meta":{"footnotes":""},"categories":[1],"tags":[],"class_list":["post-50713","post","type-post","status-publish","format-standard","has-post-thumbnail","hentry","category-cronica"],"_links":{"self":[{"href":"https:\/\/www.radiopresidenteibanez.cl\/web\/wp-json\/wp\/v2\/posts\/50713","targetHints":{"allow":["GET"]}}],"collection":[{"href":"https:\/\/www.radiopresidenteibanez.cl\/web\/wp-json\/wp\/v2\/posts"}],"about":[{"href":"https:\/\/www.radiopresidenteibanez.cl\/web\/wp-json\/wp\/v2\/types\/post"}],"author":[{"embeddable":true,"href":"https:\/\/www.radiopresidenteibanez.cl\/web\/wp-json\/wp\/v2\/users\/2"}],"replies":[{"embeddable":true,"href":"https:\/\/www.radiopresidenteibanez.cl\/web\/wp-json\/wp\/v2\/comments?post=50713"}],"version-history":[{"count":0,"href":"https:\/\/www.radiopresidenteibanez.cl\/web\/wp-json\/wp\/v2\/posts\/50713\/revisions"}],"wp:featuredmedia":[{"embeddable":true,"href":"https:\/\/www.radiopresidenteibanez.cl\/web\/wp-json\/wp\/v2\/media\/50714"}],"wp:attachment":[{"href":"https:\/\/www.radiopresidenteibanez.cl\/web\/wp-json\/wp\/v2\/media?parent=50713"}],"wp:term":[{"taxonomy":"category","embeddable":true,"href":"https:\/\/www.radiopresidenteibanez.cl\/web\/wp-json\/wp\/v2\/categories?post=50713"},{"taxonomy":"post_tag","embeddable":true,"href":"https:\/\/www.radiopresidenteibanez.cl\/web\/wp-json\/wp\/v2\/tags?post=50713"}],"curies":[{"name":"wp","href":"https:\/\/api.w.org\/{rel}","templated":true}]}}