{"id":50710,"date":"2024-08-21T09:36:00","date_gmt":"2024-08-21T12:36:00","guid":{"rendered":"https:\/\/www.radiopresidenteibanez.cl\/web\/?p=50710"},"modified":"2024-08-21T08:41:32","modified_gmt":"2024-08-21T11:41:32","slug":"coordinadora-feminista-denuncia-promocion-de-discursos-de-odio-en-magallanes-y-exigen-proteccion-para-diversidades-sexo-genericas","status":"publish","type":"post","link":"https:\/\/www.radiopresidenteibanez.cl\/web\/coordinadora-feminista-denuncia-promocion-de-discursos-de-odio-en-magallanes-y-exigen-proteccion-para-diversidades-sexo-genericas\/","title":{"rendered":"COORDINADORA FEMINISTA DENUNCIA PROMOCION DE DISCURSOS DE ODIO EN MAGALLANES Y EXIGEN PROTECCION PARA DIVERSIDADES SEXO-GENERICAS"},"content":{"rendered":"\n<p>Frente a los recientes ataques de odio a personas de nuestra comunidad como Coordinadora Feminista Punta Arenas condenamos y denunciamos a las autoridades locales por promover discursos pol\u00edticos que niegan la existencia del derecho a la identidad, estimulando a la poblaci\u00f3n a que discriminen y eliminen a quienes supuestamente no deber\u00edan existir, lo que se traduce en atentar contra las vidas de las personas de las diversidades sexo gen\u00e9ricas.<\/p>\n\n\n\n<p>Como feministas que hist\u00f3ricamente promovemos pol\u00edticas provida, denunciamos los discursos negacionistas y de odio, como los que se han estado promoviendo por parte de consejeros de extrema derecha del Gobierno Regional de Magallanes durante estos \u00faltimos meses y exigimos a las autoridades garantizar, promover y fortalecer el derecho a la Educaci\u00f3n Sexual Integral consagrado en las leyes 21.430 y 21.675, ya que la ESI promueve la erradicaci\u00f3n de las violencias, y tambi\u00e9n protege a la ni\u00f1ez y adolescencia frente a los ataques sexuales infantiles, situaciones por las que como Coordinadora Feminista llevamos a\u00f1os moviliz\u00e1ndonos sin apoyo ni acci\u00f3n estatal. \u00c9se debe ser el foco de las autoridades: Educaci\u00f3n Sexual Integral y con enfoque en Derechos Humanos.&nbsp;<\/p>\n\n\n\n<p>Llamamos a la comunidad a solidarizar con Kenia y las v\u00edctimas de estos ataques y cr\u00edmenes de odio y a exigir a nuestros representantes- a prop\u00f3sito de las pr\u00f3ximas elecciones- as\u00ed como a las autoridades a cumplir con sus obligaciones de promover y resguardar la integridad y derechos de todas las personas indistintamente de su g\u00e9nero.<\/p>\n","protected":false},"excerpt":{"rendered":"<p>Frente a los recientes ataques de odio a personas de nuestra comunidad como Coordinadora Feminista Punta Arenas condenamos y denunciamos a las autoridades locales por promover discursos pol\u00edticos que niegan&#8230; <a class=\"read-more\" href=\"https:\/\/www.radiopresidenteibanez.cl\/web\/coordinadora-feminista-denuncia-promocion-de-discursos-de-odio-en-magallanes-y-exigen-proteccion-para-diversidades-sexo-genericas\/\">Leer m\u00e1s<\/a><\/p>\n","protected":false},"author":2,"featured_media":50711,"comment_status":"closed","ping_status":"closed","sticky":false,"template":"","format":"standard","meta":{"footnotes":""},"categories":[1],"tags":[],"class_list":["post-50710","post","type-post","status-publish","format-standard","has-post-thumbnail","hentry","category-cronica"],"_links":{"self":[{"href":"https:\/\/www.radiopresidenteibanez.cl\/web\/wp-json\/wp\/v2\/posts\/50710","targetHints":{"allow":["GET"]}}],"collection":[{"href":"https:\/\/www.radiopresidenteibanez.cl\/web\/wp-json\/wp\/v2\/posts"}],"about":[{"href":"https:\/\/www.radiopresidenteibanez.cl\/web\/wp-json\/wp\/v2\/types\/post"}],"author":[{"embeddable":true,"href":"https:\/\/www.radiopresidenteibanez.cl\/web\/wp-json\/wp\/v2\/users\/2"}],"replies":[{"embeddable":true,"href":"https:\/\/www.radiopresidenteibanez.cl\/web\/wp-json\/wp\/v2\/comments?post=50710"}],"version-history":[{"count":0,"href":"https:\/\/www.radiopresidenteibanez.cl\/web\/wp-json\/wp\/v2\/posts\/50710\/revisions"}],"wp:featuredmedia":[{"embeddable":true,"href":"https:\/\/www.radiopresidenteibanez.cl\/web\/wp-json\/wp\/v2\/media\/50711"}],"wp:attachment":[{"href":"https:\/\/www.radiopresidenteibanez.cl\/web\/wp-json\/wp\/v2\/media?parent=50710"}],"wp:term":[{"taxonomy":"category","embeddable":true,"href":"https:\/\/www.radiopresidenteibanez.cl\/web\/wp-json\/wp\/v2\/categories?post=50710"},{"taxonomy":"post_tag","embeddable":true,"href":"https:\/\/www.radiopresidenteibanez.cl\/web\/wp-json\/wp\/v2\/tags?post=50710"}],"curies":[{"name":"wp","href":"https:\/\/api.w.org\/{rel}","templated":true}]}}