{"id":50707,"date":"2024-08-21T08:19:00","date_gmt":"2024-08-21T11:19:00","guid":{"rendered":"https:\/\/www.radiopresidenteibanez.cl\/web\/?p=50707"},"modified":"2024-08-21T08:11:18","modified_gmt":"2024-08-21T11:11:18","slug":"en-el-mes-de-la-dirigencia-social-y-comunitaria-segegob-continua-con-reconocimiento-para-aquellos-que-fortalecen-el-tejido-social","status":"publish","type":"post","link":"https:\/\/www.radiopresidenteibanez.cl\/web\/en-el-mes-de-la-dirigencia-social-y-comunitaria-segegob-continua-con-reconocimiento-para-aquellos-que-fortalecen-el-tejido-social\/","title":{"rendered":"EN EL MES DE LA DIRIGENCIA SOCIAL Y COMUNITARIA SEGEGOB CONTINUA CON RECONOCIMIENTO PARA AQUELLOS QUE FORTALECEN EL TEJIDO SOCIAL"},"content":{"rendered":"\n<p>El encuentro cont\u00f3 con una charla acerca del Copago Cero, explicando su impacto a<br>nivel nacional y en nuestra regi\u00f3n, reforzando el cambio de paradigma de un sistema<br>de salud p\u00fablico y gratuito para todas las personas de Fonasa.<br>\u201cLas democracias plenas descansan en la existencia de una comunidad que est\u00e1<br>informada y organizada. Es por eso que para el Gobierno del Presidente Boric, es<br>principal el avanzar en el apoyo y la construcci\u00f3n de un entramado fuerte de<br>organizaciones sociales activas a nivel pa\u00eds. Hoy son m\u00e1s de 360 mil organizaciones a<br>nivel pa\u00eds, y varias de ellas cuenta con apoyo en espacios comunitarios, con accesos a<br>las Escuelas de Formaci\u00f3n Social y a la informaci\u00f3n de lo que est\u00e1 haciendo este<br>gobierno\u201d, as\u00ed lo expres\u00f3 el seremi de Gobierno (s), Rodrigo Hern\u00e1ndez, a prop\u00f3sito de<br>las diversas actividades que se han desarrollado en la regi\u00f3n, durante el Mes de la<br>Dirigencia Social y Comunitaria.<br>La \u00faltima de ellas, fue el encuentro de cerca de 200 dirigentas y dirigentes de diversas<br>organizaciones sociales de Punta Arenas, como adultos mayores, del \u00e1rea salud, juntas<br>de vecinos, organizaciones de la extensi\u00f3n urbana, periurbanos y rurales de la ciudad,<br>culturales, consejos de desarrollo y deportes. En dicha reuni\u00f3n, la Secretar\u00eda Regional<br>Ministerial de Gobierno, a trav\u00e9s de su Divisi\u00f3n de Organizaciones Sociales, reconoci\u00f3<br>uno a uno a las y los presentes, y los inst\u00f3 a continuar con esta importante tarea<br>dentro de la comunidad. En la actividad tambi\u00e9n participaron los consejeros regionales,<br>Antonio Rispoli y Antonio Bradasic, adem\u00e1s de la seremi de Salud, Francisca<br>Sanfuentes, y la directora del Servicio de Salud, Ver\u00f3nica Ya\u00f1ez.<br>El encuentro cont\u00f3 con una charla explicativa acerca del Copago Cero. \u201cHemos<br>explicado cu\u00e1l ha sido el impacto de la pol\u00edtica del Copago Cero que se ha<br>implementado desde septiembre de 2022, cu\u00e1l ha sido el impacto que ha tenido a nivel<br>nacional y en nuestra regi\u00f3n, y reforzar el cambio de paradigma que significa el tener<br>ahora un sistema de salud p\u00fablico gratuito para todas las personas que son Fonasa\u201d,<br>explico la seremi de Salud.<br>La autoridad agreg\u00f3 que \u201ccomo Ministerio de Salud estamos de forma permanente con<br>las organizaciones que trabajan en el sector salud, como son los consejos consultivos,<br>los asesores; y otras agrupaciones, como los voluntariados, los pueblos ind\u00edgenas y<br>otras organizaciones asociadas a ciertos problemas de salud espec\u00edficos, para dar a<br>conocer las pol\u00edticas y estrategias relacionadas en el sector salud. La informaci\u00f3n<br>tambi\u00e9n se relaciona con la nuevas legislaciones como la Ley TEA y de Fibromialgia, y<br>ahora la propuesta de Ley de Salud Mental\u201d.<br>Fresia Venegas, presidenta de la Agrupaci\u00f3n Renacer, feriantes del sector 18 de<br>Septiembre, lidera un grupo de 47 socias, y reconoce que su trabajo y organizaci\u00f3n les<br>ha ayudado mucho para sostener a sus familias, y los estudios de sus hijos. \u201cAhora<br>como sali\u00f3 este tema del Copago Cero que ya no va ser tan costoso para las personas<\/p>\n\n\n\n<p>que se<br>hospitalizan, para las personas que tienen enfermedades cr\u00f3nicas, nos va a ayudar<br>mucho tanto en los remedios, en la cl\u00ednica. Y eso es un gran factor para nosotras las<br>mujeres los varones y los ni\u00f1os, y eso se le agradece al Gobierno porque se preocupan<br>de nosotras\u201d, sostuvo.<br>Teofilo Alonso, pertenece a la Agrupaci\u00f3n Manos Patag\u00f3nicas y sostuvo: \u201cPara mi es<br>una gran sorpresa porque nunca pens\u00e9 que \u00edbamos a ser protagonistas de este acto<br>tan significativo, pensamos que solo seriamos espectadores en esta actividad\u201d.<br>Reconoci\u00f3 que el rol del dirigente es muy importante, y esto en todo \u00e1mbito de la<br>sociedad, por ello su importancia y reconocimiento.<br>El Gobierno est\u00e1 comprometido con entregar herramientas a las dirigencias sociales y<br>potenciar a las comunidades. Es por ello, que adem\u00e1s del reconocimiento entregado<br>por su tremendo aporte en el fortalecimiento del tejido social, el 10 y 11 de agosto se<br>realiz\u00f3 la primera Escuela de Formaci\u00f3n Social en Puerto Williams, y el martes 27 se<br>realizar\u00e1 otra Escuela esta vez en Puerto Natales. A esto se suma la entrega de los<br>Fondos de Fortalecimiento pata Organizaciones de Inter\u00e9s P\u00fablico 2024, y muchos<br>otros apoyos programados para este a\u00f1o y los siguientes.<\/p>\n","protected":false},"excerpt":{"rendered":"<p>El encuentro cont\u00f3 con una charla acerca del Copago Cero, explicando su impacto anivel nacional y en nuestra regi\u00f3n, reforzando el cambio de paradigma de un sistemade salud p\u00fablico y&#8230; <a class=\"read-more\" href=\"https:\/\/www.radiopresidenteibanez.cl\/web\/en-el-mes-de-la-dirigencia-social-y-comunitaria-segegob-continua-con-reconocimiento-para-aquellos-que-fortalecen-el-tejido-social\/\">Leer m\u00e1s<\/a><\/p>\n","protected":false},"author":2,"featured_media":50708,"comment_status":"closed","ping_status":"closed","sticky":false,"template":"","format":"standard","meta":{"footnotes":""},"categories":[1],"tags":[],"class_list":["post-50707","post","type-post","status-publish","format-standard","has-post-thumbnail","hentry","category-cronica"],"_links":{"self":[{"href":"https:\/\/www.radiopresidenteibanez.cl\/web\/wp-json\/wp\/v2\/posts\/50707","targetHints":{"allow":["GET"]}}],"collection":[{"href":"https:\/\/www.radiopresidenteibanez.cl\/web\/wp-json\/wp\/v2\/posts"}],"about":[{"href":"https:\/\/www.radiopresidenteibanez.cl\/web\/wp-json\/wp\/v2\/types\/post"}],"author":[{"embeddable":true,"href":"https:\/\/www.radiopresidenteibanez.cl\/web\/wp-json\/wp\/v2\/users\/2"}],"replies":[{"embeddable":true,"href":"https:\/\/www.radiopresidenteibanez.cl\/web\/wp-json\/wp\/v2\/comments?post=50707"}],"version-history":[{"count":0,"href":"https:\/\/www.radiopresidenteibanez.cl\/web\/wp-json\/wp\/v2\/posts\/50707\/revisions"}],"wp:featuredmedia":[{"embeddable":true,"href":"https:\/\/www.radiopresidenteibanez.cl\/web\/wp-json\/wp\/v2\/media\/50708"}],"wp:attachment":[{"href":"https:\/\/www.radiopresidenteibanez.cl\/web\/wp-json\/wp\/v2\/media?parent=50707"}],"wp:term":[{"taxonomy":"category","embeddable":true,"href":"https:\/\/www.radiopresidenteibanez.cl\/web\/wp-json\/wp\/v2\/categories?post=50707"},{"taxonomy":"post_tag","embeddable":true,"href":"https:\/\/www.radiopresidenteibanez.cl\/web\/wp-json\/wp\/v2\/tags?post=50707"}],"curies":[{"name":"wp","href":"https:\/\/api.w.org\/{rel}","templated":true}]}}