{"id":50704,"date":"2024-08-20T17:57:00","date_gmt":"2024-08-20T20:57:00","guid":{"rendered":"https:\/\/www.radiopresidenteibanez.cl\/web\/?p=50704"},"modified":"2024-08-20T15:43:06","modified_gmt":"2024-08-20T18:43:06","slug":"cesar-montiel-asume-como-primer-director-regional-de-nuevo-servicio-nacional-de-reinsercion-juvenil","status":"publish","type":"post","link":"https:\/\/www.radiopresidenteibanez.cl\/web\/cesar-montiel-asume-como-primer-director-regional-de-nuevo-servicio-nacional-de-reinsercion-juvenil\/","title":{"rendered":"C\u00c9SAR MONTIEL ASUME COMO PRIMER DIRECTOR REGIONAL DE NUEVO SERVICIO NACIONAL DE REINSERCI\u00d3N JUVENIL"},"content":{"rendered":"\n<p>Esta ma\u00f1ana inici\u00f3 sus funciones el primer Director Regional del Servicio Nacional de<br>Reinserci\u00f3n Social Juvenil, C\u00e9sar Montiel Alvarado, quien asumi\u00f3 al cargo por el sistema<br>de Alta Direcci\u00f3n P\u00fabica, y en cuya primera actividad oficial comparti\u00f3 una reuni\u00f3n de<br>trabajo con la Seremi de Justicia y Derechos Humanos, Michelle Peutat Alvarado.<\/p>\n\n\n\n<p>La nueva autoridad es magall\u00e1nico, 58 a\u00f1os, docente de Educaci\u00f3n General B\u00e1sica, con<br>diplomados en Psicolog\u00eda del Ni\u00f1o Adolescente y vasta trayectoria en el mundo de la<br>infancia, destacando su trabajo en programas vinculados a infractores de ley desde<br>Fundaci\u00f3n Esperanza, adem\u00e1s de labores de supervisi\u00f3n t\u00e9cnica de SENAME y m\u00e1s tarde<br>como su Director Regional. Tambi\u00e9n fue Director Regional del CONACE, trabaj\u00f3 en el \u00c1rea<br>de Atenci\u00f3n al Menor de la Corporaci\u00f3n Municipal de Punta Arenas (en proyectos de<br>reinserci\u00f3n educacional y otros programas vinculados con j\u00f3venes), en el Centro<br>Universitario Coyhaique de la UMAG, adem\u00e1s de acompa\u00f1ar en la instalaci\u00f3n del Servicio<br>de Protecci\u00f3n Especializada a la Ni\u00f1ez y Adolescencia.<\/p>\n\n\n\n<p>En su nueva responsabilidad, Montiel deber\u00e1 preparar las condiciones a nivel regional<br>para la entrada en vigencia del nuevo servicio de Reinserci\u00f3n Social Juvenil, que partir\u00e1 en<br>la macrozona sur -incluyendo a Magallanes- el 13 de enero el 2025, y que sustitur\u00e1 al<br>Sename en la tarea de administrar las medidas y sanciones frente a los delitos cometidos<br>por adolescentes, conforme a los est\u00e1ndares definidos por la Ley RPA (N\u00b020.084). El<br>profesional destac\u00f3 como su desaf\u00edo principal \u201cefectivamente el de la reinserci\u00f3n, que es<br>revincular a los j\u00f3venes que han estado en esta condici\u00f3n, para que efectivamente sean un<br>aporte, no solo para sociedad sino tambi\u00e9n para sus familias y su entorno\u201d.<\/p>\n\n\n\n<p>En su primera jornada, se\u00f1al\u00f3 que mantuvo una estrecha coordinaci\u00f3n con la Seremi de<br>Justicia y DD.HH., Michelle Peutat, en reuniones de trabajo en conjunto con la autoridad<br>sectorial, sum\u00e1ndose la participaci\u00f3n en la tarde del Director Regional (S) del Servicio<\/p>\n\n\n\n<p>Nacional de Menores, Alex Figueroa Palavicino, para ir levantando aquellas necesidades<br>urgentes de cara al traspaso del nuevo servicio.<\/p>\n\n\n\n<p>Por su parte, Seremi Michelle Peutat, le dio una cordial bienvenida al reci\u00e9n asumido<br>Director Regional, destacando la importancia de la puesta en marcha del Servicio de<br>Reinserci\u00f3n Social Juvenil, el cual representa uno de los principales ejes de la gesti\u00f3n del<br>ministerio: \u201ccomo pol\u00edtica p\u00fablica, se espera dar cabida a un trabajo y modelo in\u00e9dito de<br>intervenci\u00f3n personalizada y especializada, con un manejo interinstitucional, de manera de<br>consolidar un sistema de garant\u00edas y de protecci\u00f3n integral de los Derechos de la Ni\u00f1ez y la<br>Adolescencia, y con un especial acento en materia de Derechos Humanos\u201d.<\/p>\n\n\n\n<p>En este sentido, la autoridad regional destac\u00f3 el poder sumar al equipo del sector Justicia<br>\u201ca un profesional magall\u00e1nico y que adem\u00e1s cuenta con todas las competencias y la<br>experiencia de trabajo que requiere un desaf\u00edo de esta envergadura\u201d.<\/p>\n","protected":false},"excerpt":{"rendered":"<p>Esta ma\u00f1ana inici\u00f3 sus funciones el primer Director Regional del Servicio Nacional deReinserci\u00f3n Social Juvenil, C\u00e9sar Montiel Alvarado, quien asumi\u00f3 al cargo por el sistemade Alta Direcci\u00f3n P\u00fabica, y en&#8230; <a class=\"read-more\" href=\"https:\/\/www.radiopresidenteibanez.cl\/web\/cesar-montiel-asume-como-primer-director-regional-de-nuevo-servicio-nacional-de-reinsercion-juvenil\/\">Leer m\u00e1s<\/a><\/p>\n","protected":false},"author":2,"featured_media":50705,"comment_status":"closed","ping_status":"closed","sticky":false,"template":"","format":"standard","meta":{"footnotes":""},"categories":[1],"tags":[],"class_list":["post-50704","post","type-post","status-publish","format-standard","has-post-thumbnail","hentry","category-cronica"],"_links":{"self":[{"href":"https:\/\/www.radiopresidenteibanez.cl\/web\/wp-json\/wp\/v2\/posts\/50704","targetHints":{"allow":["GET"]}}],"collection":[{"href":"https:\/\/www.radiopresidenteibanez.cl\/web\/wp-json\/wp\/v2\/posts"}],"about":[{"href":"https:\/\/www.radiopresidenteibanez.cl\/web\/wp-json\/wp\/v2\/types\/post"}],"author":[{"embeddable":true,"href":"https:\/\/www.radiopresidenteibanez.cl\/web\/wp-json\/wp\/v2\/users\/2"}],"replies":[{"embeddable":true,"href":"https:\/\/www.radiopresidenteibanez.cl\/web\/wp-json\/wp\/v2\/comments?post=50704"}],"version-history":[{"count":0,"href":"https:\/\/www.radiopresidenteibanez.cl\/web\/wp-json\/wp\/v2\/posts\/50704\/revisions"}],"wp:featuredmedia":[{"embeddable":true,"href":"https:\/\/www.radiopresidenteibanez.cl\/web\/wp-json\/wp\/v2\/media\/50705"}],"wp:attachment":[{"href":"https:\/\/www.radiopresidenteibanez.cl\/web\/wp-json\/wp\/v2\/media?parent=50704"}],"wp:term":[{"taxonomy":"category","embeddable":true,"href":"https:\/\/www.radiopresidenteibanez.cl\/web\/wp-json\/wp\/v2\/categories?post=50704"},{"taxonomy":"post_tag","embeddable":true,"href":"https:\/\/www.radiopresidenteibanez.cl\/web\/wp-json\/wp\/v2\/tags?post=50704"}],"curies":[{"name":"wp","href":"https:\/\/api.w.org\/{rel}","templated":true}]}}