{"id":50701,"date":"2024-08-20T16:51:00","date_gmt":"2024-08-20T19:51:00","guid":{"rendered":"https:\/\/www.radiopresidenteibanez.cl\/web\/?p=50701"},"modified":"2024-08-20T15:40:35","modified_gmt":"2024-08-20T18:40:35","slug":"se-realizara-la-tercera-version-de-la-corrida-nocturna-familiar-de-natales","status":"publish","type":"post","link":"https:\/\/www.radiopresidenteibanez.cl\/web\/se-realizara-la-tercera-version-de-la-corrida-nocturna-familiar-de-natales\/","title":{"rendered":"SE REALIZAR\u00c1 LA TERCERA VERSI\u00d3N DE LA CORRIDA NOCTURNA FAMILIAR DE NATALES"},"content":{"rendered":"\n<p>Durante la tarde del s\u00e1bado pasado se realiz\u00f3 en el segundo piso del Polideportivo Municipal de<br>Natales el Lanzamiento de la Tercera versi\u00f3n de la Corrida Nocturna Familiar de Natales. Iniciativa<br>que es organizada por el Ministerio de Deporte, Instituto Nacional de Deporte (IND), la<br>Municipalidad de Natales, la Delegaci\u00f3n Presidencial Provincial de \u00daltima Esperanza y Corporaci\u00f3n<br>Municipal de Deportes de Natales.<br>Los y las deportistas interesadas en participar pueden inscribirse escaneando el c\u00f3digo QR que<br>aparece en el afiche de promoci\u00f3n para ser parte de una hermosa fiesta deportiva que este a\u00f1o<br>pretende llegar a los mil atletas en tres categor\u00edas de 2, 5 y 10 kil\u00f3metros. La actividad se<br>desarrollar\u00e1 el s\u00e1bado 31 de agosto desde las 19:00 horas.<br>Al respecto el secretario regional ministerial de Deporte, Alejandro Olate Levet destac\u00f3 la<br>realizaci\u00f3n de la 3\u00b0 versi\u00f3n se\u00f1alando que, \u00abla invitaci\u00f3n es a participar de este importante evento<br>junto a la familia y potenciar as\u00ed las actividades deportivas en invierno. El fr\u00edo no es impedimento<br>para que los magall\u00e1nicos y magall\u00e1nicas disfruten de una actividad familiar que involucra<br>movimiento y recreaci\u00f3n de manera sana y gratuita. El gobierno del presidente Gabriel Boric<br>promueve una cultura del movimiento que integre todas las etapas del desarrollo de la vida, de<br>manera inclusiva, con espacios para todas y todos\u00bb.<br>En tanto la primera autoridad comunal, Antonieta Oyarzo Alvarado indic\u00f3 que, una de las<br>caracter\u00edsticas de los y las deportistas magall\u00e1nicos era que tambi\u00e9n ten\u00edan que vencer la<br>inclemencia clim\u00e1ticas, adem\u00e1s de sus propios tiempos y que esperaba contar este a\u00f1o con la<br>masiva participaci\u00f3n del a\u00f1o pasado. Aprovech\u00f3 a invitar a los deportistas natalinos, de la regi\u00f3n y<br>nuestros vecinos argentinos. Agreg\u00f3 que, \u201cesta va a ser una corrida familiar con esp\u00edritu deportivo,<br>pero sobre todo de sana convivencia y nuestra comuna tiene todas las condiciones de alojamiento<br>y gastronom\u00eda para recibir a los participantes que nos visiten con una linda estad\u00eda\u201d.<br>Tambi\u00e9n el delegado presidencial provincial de \u00daltima Esperanza, Guillermo Ruiz Santana destac\u00f3<br>la importancia que tiene el deporte como disciplina para el Gobierno, ya que estimula a las<br>personas en el plano afectivo, ayuda a potenciar las relaciones sociales y por supuesto la<br>construcci\u00f3n de vidas saludables, por lo que igualmente se sum\u00f3 a la invitaci\u00f3n de participaci\u00f3n<br>ciudadana.<\/p>\n","protected":false},"excerpt":{"rendered":"<p>Durante la tarde del s\u00e1bado pasado se realiz\u00f3 en el segundo piso del Polideportivo Municipal deNatales el Lanzamiento de la Tercera versi\u00f3n de la Corrida Nocturna Familiar de Natales. Iniciativaque&#8230; <a class=\"read-more\" href=\"https:\/\/www.radiopresidenteibanez.cl\/web\/se-realizara-la-tercera-version-de-la-corrida-nocturna-familiar-de-natales\/\">Leer m\u00e1s<\/a><\/p>\n","protected":false},"author":2,"featured_media":50702,"comment_status":"closed","ping_status":"closed","sticky":false,"template":"","format":"standard","meta":{"footnotes":""},"categories":[1],"tags":[],"class_list":["post-50701","post","type-post","status-publish","format-standard","has-post-thumbnail","hentry","category-cronica"],"_links":{"self":[{"href":"https:\/\/www.radiopresidenteibanez.cl\/web\/wp-json\/wp\/v2\/posts\/50701","targetHints":{"allow":["GET"]}}],"collection":[{"href":"https:\/\/www.radiopresidenteibanez.cl\/web\/wp-json\/wp\/v2\/posts"}],"about":[{"href":"https:\/\/www.radiopresidenteibanez.cl\/web\/wp-json\/wp\/v2\/types\/post"}],"author":[{"embeddable":true,"href":"https:\/\/www.radiopresidenteibanez.cl\/web\/wp-json\/wp\/v2\/users\/2"}],"replies":[{"embeddable":true,"href":"https:\/\/www.radiopresidenteibanez.cl\/web\/wp-json\/wp\/v2\/comments?post=50701"}],"version-history":[{"count":0,"href":"https:\/\/www.radiopresidenteibanez.cl\/web\/wp-json\/wp\/v2\/posts\/50701\/revisions"}],"wp:featuredmedia":[{"embeddable":true,"href":"https:\/\/www.radiopresidenteibanez.cl\/web\/wp-json\/wp\/v2\/media\/50702"}],"wp:attachment":[{"href":"https:\/\/www.radiopresidenteibanez.cl\/web\/wp-json\/wp\/v2\/media?parent=50701"}],"wp:term":[{"taxonomy":"category","embeddable":true,"href":"https:\/\/www.radiopresidenteibanez.cl\/web\/wp-json\/wp\/v2\/categories?post=50701"},{"taxonomy":"post_tag","embeddable":true,"href":"https:\/\/www.radiopresidenteibanez.cl\/web\/wp-json\/wp\/v2\/tags?post=50701"}],"curies":[{"name":"wp","href":"https:\/\/api.w.org\/{rel}","templated":true}]}}