{"id":50698,"date":"2024-08-20T15:38:05","date_gmt":"2024-08-20T18:38:05","guid":{"rendered":"https:\/\/www.radiopresidenteibanez.cl\/web\/?p=50698"},"modified":"2024-08-20T15:38:09","modified_gmt":"2024-08-20T18:38:09","slug":"feria-de-cultura-viva-realizara-su-segunda-version-este-sabado","status":"publish","type":"post","link":"https:\/\/www.radiopresidenteibanez.cl\/web\/feria-de-cultura-viva-realizara-su-segunda-version-este-sabado\/","title":{"rendered":"FERIA DE CULTURA VIVA REALIZARA SU SEGUNDA VERSION ESTE SABADO"},"content":{"rendered":"\n<p>El s\u00e1bado 25 de agosto, desde las 15:00 horas en el Espacio de Artes Esc\u00e9nicas Circo del<br>Sur (ubicado en calle O\u00b4Higgins 655) se realizar\u00e1 la segunda edici\u00f3n de \u201cFeria de Cultura<br>Viva: vive las artes, la educaci\u00f3n y las ciencias\u201d, cuyo objetivo es facilitar espacios<br>inclusivos y diversos donde se promuevan la educaci\u00f3n, la cultura, el arte y las ciencias de<br>la Patagonia.<br>La actividad es organizada por la Cooperativa de Trabajo Rosas Silvestres y contar\u00e1 con<br>m\u00e1s de 15 stand y talleres gratuitos para toda la familia, destacando los talleres de<br>reutilizaci\u00f3n textil: Bordado de Supernovas (Para todo p\u00fablico) y Tejido en Trapillo<br>(Infancias desde los 7 a\u00f1os), adem\u00e1s de intervenciones de m\u00fasica en vivo y artes<br>esc\u00e9nicas.<br>Natalia S\u00e1nchez, productora del evento y socia de Cooperativa Rosas Silvestres, explic\u00f3<br>que \u201cen esta segunda edici\u00f3n esperamos replicar la diversidad de p\u00fablico que particip\u00f3 en<br>junio, adem\u00e1s de presentar una propuesta familiar que congrega diversas disciplinas e<br>impulsa la creaci\u00f3n regional. La Feria de Cultura Viva busca convertirse en un referente<br>regional de espacios colaborativos que promueven la educaci\u00f3n, el arte, las ciencias y la<br>cultura con un fuerte enfoque en la equidad de g\u00e9nero y la inclusi\u00f3n\u201d.<br>Patricia Miranda, artista textil y facilitadora del taller de Bordado de Supernovas, detall\u00f3<br>que \u201cen el taller de astrobordado primero vamos a reconocer las supernovas, su origen,<br>como se forman y su importancia para el Universo. Posteriormente, nos iremos de lleno a<br>lo textil, trabajando con hilo de bordar, vell\u00f3n y reutilizaci\u00f3n textil. Las y los dejo a todos<br>invitados, ser\u00e1 una bonita instancia para aprender sobre el Universo y reconectarnos con<br>las manualidades\u201d. Las inscripciones a este taller se realizar\u00e1n a trav\u00e9s del correo<br>electr\u00f3nico cooperativarosas.silvestres@gmail.com<br>La Feria Cultura Viva contar\u00e1 con la participaci\u00f3n de m\u00e1s de 15 emprendimientos y<br>organizaciones, algunas se sumar\u00e1n por primera vez y otras, como el Taller Silvestre a<br>cargo de la orfebre Josie Mu\u00f1oz, participar\u00e1 nuevamente en la actividad. \u201cLa primera feria<br>me pareci\u00f3 una super buena instancia para compartir, conocer a otros emprendimientos,<br>a otras personas que se dedican a la Cultura, Arte y Ciencia. Me parece importante que<br>existan estos espacios para conocernos y crecer en un ambiente art\u00edstico, pero tambi\u00e9n<br>comercial, impulsando el valor del arte y de las cosas hechas a mano\u201d, detall\u00f3.<\/p>\n\n\n\n<p>Pueden conocer la programaci\u00f3n completa e inscribirse en los talleres en las redes<br>sociales de Cooperativa Rosas Silvestres: Instagram @CooperativaRosas y en Facebook<br>Cooperativa Rosas Silvestres.<br>La Feria de Cultura Viva: vive las artes, la educaci\u00f3n y las ciencias es organizada por la<br>Cooperativa Rosas Silvestres y financiada a trav\u00e9s de la convocatoria p\u00fablica 2023 Gesti\u00f3n<br>de Cooperativas Culturales del Programa Promoci\u00f3n y Fortalecimiento del trabajo Cultural<br>del Ministerio de las Culturas, las Artes y el Patrimonio. Participan Pn3umo, Arte 90,<br>Agnipatagonia, Faunagona, TiendaSolunart, Casita de la Ciencia, Venus Veg, Jilguero del<br>Pill\u00e1n Joyer\u00eda Mapuche, Loika Herbolario, Circulab Biomateriales, Taller Silvestre, La<br>Chungunga vegan, Alkaloide, Macram\u00e9 esencia del Atardecer, Amul\u00e9 Artesana, Sarcilla y<br>La Posada del Drag\u00f3n.<\/p>\n","protected":false},"excerpt":{"rendered":"<p>El s\u00e1bado 25 de agosto, desde las 15:00 horas en el Espacio de Artes Esc\u00e9nicas Circo delSur (ubicado en calle O\u00b4Higgins 655) se realizar\u00e1 la segunda edici\u00f3n de \u201cFeria de&#8230; <a class=\"read-more\" href=\"https:\/\/www.radiopresidenteibanez.cl\/web\/feria-de-cultura-viva-realizara-su-segunda-version-este-sabado\/\">Leer m\u00e1s<\/a><\/p>\n","protected":false},"author":2,"featured_media":50699,"comment_status":"closed","ping_status":"closed","sticky":false,"template":"","format":"standard","meta":{"footnotes":""},"categories":[1],"tags":[],"class_list":["post-50698","post","type-post","status-publish","format-standard","has-post-thumbnail","hentry","category-cronica"],"_links":{"self":[{"href":"https:\/\/www.radiopresidenteibanez.cl\/web\/wp-json\/wp\/v2\/posts\/50698","targetHints":{"allow":["GET"]}}],"collection":[{"href":"https:\/\/www.radiopresidenteibanez.cl\/web\/wp-json\/wp\/v2\/posts"}],"about":[{"href":"https:\/\/www.radiopresidenteibanez.cl\/web\/wp-json\/wp\/v2\/types\/post"}],"author":[{"embeddable":true,"href":"https:\/\/www.radiopresidenteibanez.cl\/web\/wp-json\/wp\/v2\/users\/2"}],"replies":[{"embeddable":true,"href":"https:\/\/www.radiopresidenteibanez.cl\/web\/wp-json\/wp\/v2\/comments?post=50698"}],"version-history":[{"count":0,"href":"https:\/\/www.radiopresidenteibanez.cl\/web\/wp-json\/wp\/v2\/posts\/50698\/revisions"}],"wp:featuredmedia":[{"embeddable":true,"href":"https:\/\/www.radiopresidenteibanez.cl\/web\/wp-json\/wp\/v2\/media\/50699"}],"wp:attachment":[{"href":"https:\/\/www.radiopresidenteibanez.cl\/web\/wp-json\/wp\/v2\/media?parent=50698"}],"wp:term":[{"taxonomy":"category","embeddable":true,"href":"https:\/\/www.radiopresidenteibanez.cl\/web\/wp-json\/wp\/v2\/categories?post=50698"},{"taxonomy":"post_tag","embeddable":true,"href":"https:\/\/www.radiopresidenteibanez.cl\/web\/wp-json\/wp\/v2\/tags?post=50698"}],"curies":[{"name":"wp","href":"https:\/\/api.w.org\/{rel}","templated":true}]}}