{"id":50682,"date":"2024-08-20T09:22:00","date_gmt":"2024-08-20T12:22:00","guid":{"rendered":"https:\/\/www.radiopresidenteibanez.cl\/web\/?p=50682"},"modified":"2024-08-20T08:21:13","modified_gmt":"2024-08-20T11:21:13","slug":"porque-el-idioma-de-infancia-es-un-secreto-entre-los-dos-porque-le-diste-reparo-al-desarraigo-canta-maria-elena-walsh","status":"publish","type":"post","link":"https:\/\/www.radiopresidenteibanez.cl\/web\/porque-el-idioma-de-infancia-es-un-secreto-entre-los-dos-porque-le-diste-reparo-al-desarraigo-canta-maria-elena-walsh\/","title":{"rendered":"Porque el idioma de infancia es un secreto entre los dos porque le diste reparo al desarraigo..\u00bb canta Maria Elena Walsh"},"content":{"rendered":"\n<p>Hace algunos d\u00edas recordamos el natalicio 107 de nuestro querido Galvarino Arqueros P. lo que gener\u00f3 muchos saludos y recuerdos.<br>No obstante, quiero detenerme en uno de los muchos comentarios recibidos para desarrollar nuestra visi\u00f3n de la trascendencia, que va m\u00e1s all\u00e1 de creencias o convicciones morales y\/o religiosas, todas respetadas por cierto.<br>Dijo una persona que es solo cuesti\u00f3n nuestra eso de que \u00abhay hombres que nunca mueren\u00bb pues todo y todos en el planeta lo hacen. Tiene raz\u00f3n, ya que todos moriremos tarde o temprano, pero parece no querer entender que aquellos que marcaron caminos y que fueron m\u00e1s all\u00e1 del vivir para s\u00ed mismos, estar\u00e1n siempre presentes producto de sus decires y haceres.<br>El que indic\u00f3 caminos permanece junto a quienes los siguieron y esto supera a la presencia f\u00edsica.<br>Eso es la trascendencia y permite situar a Arqueros en el mismo nivel de Lenin, Recabarren, Lara o cualquiera otro que pas\u00f3 antes dejando huellas.<\/p>\n\n\n\n<p>2.- En estos tiempos de individualidad, sobreconsumo e idiotizaci\u00f3n, vale m\u00e1s que nunca la pena, fijar la atenci\u00f3n en aquellos que lo dieron todo por ayudar y apoyar causas y luchas a\u00fan a costa de descuidar su propia salud, lo que les llev\u00f3 a partir antes de tiempo aunque es cierto que para la muerte el tiempo es relativo.<br>Nunca dejaremos que se pierdan en el olvido las ense\u00f1anzas y consejos de Jorge Long Prunes, abogado laboralista que fue y es compa\u00f1ero y amigo de esta organizaci\u00f3n.<br>Y qu\u00e9 decir de Rosa Hueraleo Vega, que nos dijo que desde donde estuviera estar\u00eda pendiente de nosotros y dej\u00f3 la vara alta en esto de dar hasta que duela. Por cierto no son s\u00f3lo hombres los que trascienden por lo que lo mejor ser\u00e1 decir de ahora en adelante que \u00bb hay hombres y mujeres que nunca mueren\u00bb.<\/p>\n","protected":false},"excerpt":{"rendered":"<p>Hace algunos d\u00edas recordamos el natalicio 107 de nuestro querido Galvarino Arqueros P. lo que gener\u00f3 muchos saludos y recuerdos.No obstante, quiero detenerme en uno de los muchos comentarios recibidos&#8230; <a class=\"read-more\" href=\"https:\/\/www.radiopresidenteibanez.cl\/web\/porque-el-idioma-de-infancia-es-un-secreto-entre-los-dos-porque-le-diste-reparo-al-desarraigo-canta-maria-elena-walsh\/\">Leer m\u00e1s<\/a><\/p>\n","protected":false},"author":2,"featured_media":50683,"comment_status":"closed","ping_status":"closed","sticky":false,"template":"","format":"standard","meta":{"footnotes":""},"categories":[1],"tags":[],"class_list":["post-50682","post","type-post","status-publish","format-standard","has-post-thumbnail","hentry","category-cronica"],"_links":{"self":[{"href":"https:\/\/www.radiopresidenteibanez.cl\/web\/wp-json\/wp\/v2\/posts\/50682","targetHints":{"allow":["GET"]}}],"collection":[{"href":"https:\/\/www.radiopresidenteibanez.cl\/web\/wp-json\/wp\/v2\/posts"}],"about":[{"href":"https:\/\/www.radiopresidenteibanez.cl\/web\/wp-json\/wp\/v2\/types\/post"}],"author":[{"embeddable":true,"href":"https:\/\/www.radiopresidenteibanez.cl\/web\/wp-json\/wp\/v2\/users\/2"}],"replies":[{"embeddable":true,"href":"https:\/\/www.radiopresidenteibanez.cl\/web\/wp-json\/wp\/v2\/comments?post=50682"}],"version-history":[{"count":0,"href":"https:\/\/www.radiopresidenteibanez.cl\/web\/wp-json\/wp\/v2\/posts\/50682\/revisions"}],"wp:featuredmedia":[{"embeddable":true,"href":"https:\/\/www.radiopresidenteibanez.cl\/web\/wp-json\/wp\/v2\/media\/50683"}],"wp:attachment":[{"href":"https:\/\/www.radiopresidenteibanez.cl\/web\/wp-json\/wp\/v2\/media?parent=50682"}],"wp:term":[{"taxonomy":"category","embeddable":true,"href":"https:\/\/www.radiopresidenteibanez.cl\/web\/wp-json\/wp\/v2\/categories?post=50682"},{"taxonomy":"post_tag","embeddable":true,"href":"https:\/\/www.radiopresidenteibanez.cl\/web\/wp-json\/wp\/v2\/tags?post=50682"}],"curies":[{"name":"wp","href":"https:\/\/api.w.org\/{rel}","templated":true}]}}