{"id":5063,"date":"2019-06-14T19:15:08","date_gmt":"2019-06-14T19:15:08","guid":{"rendered":"http:\/\/www.radiopresidenteibanez.cl\/web\/?p=5063"},"modified":"2019-06-14T19:15:26","modified_gmt":"2019-06-14T19:15:26","slug":"centro-comercial-realiza-inedita-celebracion-el-dia-del-padre-libre-de-estereotipos","status":"publish","type":"post","link":"https:\/\/www.radiopresidenteibanez.cl\/web\/centro-comercial-realiza-inedita-celebracion-el-dia-del-padre-libre-de-estereotipos\/","title":{"rendered":"CENTRO COMERCIAL REALIZA IN\u00c9DITA CELEBRACI\u00d3N EL D\u00cdA DEL PADRE LIBRE DE ESTEREOTIPOS"},"content":{"rendered":"\n<p>A lo\nlargo del tiempo el rol de los hombres en la crianza se ha ido ampliando, dejando\natr\u00e1s antiguos paradigmas e impulsando una participaci\u00f3n m\u00e1s activa. Es m\u00e1s,\nseg\u00fan un estudio de GfK Adimark, la gran mayor\u00eda de los pap\u00e1s chilenos sienten\nque las tareas de crianza deben ser compartidas y el 53% cree que los hombres\ndeben tomarse el posnatal masculino.<\/p>\n\n\n\n<p>Por ello,\nen el marco de la celebraci\u00f3n del D\u00eda del Padre, Mall Espacio Urbano invita a\nla familia a terminar con los estereotipos a trav\u00e9s de una entretenida\nactividad. Por primera vez, y a partir de este viernes 14 hasta el domingo 16\njunio, la invitaci\u00f3n es a participar de la novedosa intervenci\u00f3n que tendr\u00e1 de maniqu\u00edes\nal interior de los centros comerciales, dispuestos para ser caracterizados a\ntrav\u00e9s de diferentes accesorios. <\/p>\n\n\n\n<p>\u201cEs\ncom\u00fan observar que el sector del retail, especialmente en estas fechas importantes,\nse hagan campa\u00f1as con una serie de estereotipos, encasillando a padres y madres\nen roles. Hoy, sin embargo, los tiempos han cambiado y decidimos darle un giro\na este d\u00eda tan especial, impulsando una figura paterna multidimensional, sin\nmodelos, que invite a toda la comunidad a participar\u201d, manifiesta Felipe\nRecabal, Gerente Comercial de los Centros Comerciales Espacio Urbano. <\/p>\n\n\n\n<p>De esta\nforma, desde el 10 de junio, el centro comercial sac\u00f3 sus maniqu\u00edes de las\ntiendas, e implement\u00f3 escenas que representen a los papas de hoy, cumpliendo\ndistintos roles, ya sea mudando, ley\u00e9ndole un libro a sus hijos o\naconsej\u00e1ndolos. Adem\u00e1s, a partir de este viernes, los ni\u00f1os podr\u00e1n representar\nc\u00f3mo ven a sus padres, visti\u00e9ndolos con distintos outfits, accesorios\ndeportivos, instrumentos musicales, pelucas, anteojos, entre otros.<\/p>\n\n\n\n<p>La actividad,\nque busca alejarse de la cl\u00e1sica puesta escena para este tipo de fechas, ser\u00e1\ngratuita y estar\u00e1 disponible en horario de funcionamiento de los centros\ncomerciales ubicados en:<\/p>\n\n\n\n<ul class=\"wp-block-list\"><li>Espacio Urbano\nPionero (Punta Arenas)<\/li><li>Espacio Urbano\nLos Andes <\/li><li>Espacio Urbano\nLinares<\/li><li>Espacio Urbano\nMelipilla <\/li><li>Espacio Urbano 15\nNorte (Vi\u00f1a)<\/li><\/ul>\n\n\n\n<p>En\nSantiago, los centros comerciales adheridos ser\u00e1n: <\/p>\n\n\n\n<ul class=\"wp-block-list\"><li>Espacio Urbano La\nDehesa<\/li><li>Espacio Urbano\nGran Avenida<\/li><li>Espacio Urbano\nPuente Alto<\/li><li>Espacio Urbano\nPlaza Maip\u00fa <\/li><\/ul>\n\n\n\n<p>Te dejamos el video de la campa\u00f1a Pap\u00e1 Sin Modelo: <a href=\"https:\/\/www.youtube.com\/watch?v=AWUhq4Ch86k\">link aqu\u00ed<\/a><\/p>\n\n\n\n<figure class=\"wp-block-image\"><img loading=\"lazy\" decoding=\"async\" width=\"960\" height=\"540\" src=\"http:\/\/www.radiopresidenteibanez.cl\/web\/wp-content\/uploads\/2019\/06\/compras-mallpionero.jpg\" alt=\"\" class=\"wp-image-5064\" srcset=\"https:\/\/www.radiopresidenteibanez.cl\/web\/wp-content\/uploads\/2019\/06\/compras-mallpionero.jpg 960w, https:\/\/www.radiopresidenteibanez.cl\/web\/wp-content\/uploads\/2019\/06\/compras-mallpionero-300x169.jpg 300w, https:\/\/www.radiopresidenteibanez.cl\/web\/wp-content\/uploads\/2019\/06\/compras-mallpionero-768x432.jpg 768w\" sizes=\"auto, (max-width: 960px) 100vw, 960px\" \/><\/figure>\n","protected":false},"excerpt":{"rendered":"<p>A lo largo del tiempo el rol de los hombres en la crianza se ha ido ampliando, dejando atr\u00e1s antiguos paradigmas e impulsando una participaci\u00f3n m\u00e1s activa. Es m\u00e1s, seg\u00fan&#8230; <a class=\"read-more\" href=\"https:\/\/www.radiopresidenteibanez.cl\/web\/centro-comercial-realiza-inedita-celebracion-el-dia-del-padre-libre-de-estereotipos\/\">Leer m\u00e1s<\/a><\/p>\n","protected":false},"author":2,"featured_media":5064,"comment_status":"closed","ping_status":"closed","sticky":false,"template":"","format":"standard","meta":{"footnotes":""},"categories":[1],"tags":[],"class_list":["post-5063","post","type-post","status-publish","format-standard","has-post-thumbnail","hentry","category-cronica"],"_links":{"self":[{"href":"https:\/\/www.radiopresidenteibanez.cl\/web\/wp-json\/wp\/v2\/posts\/5063","targetHints":{"allow":["GET"]}}],"collection":[{"href":"https:\/\/www.radiopresidenteibanez.cl\/web\/wp-json\/wp\/v2\/posts"}],"about":[{"href":"https:\/\/www.radiopresidenteibanez.cl\/web\/wp-json\/wp\/v2\/types\/post"}],"author":[{"embeddable":true,"href":"https:\/\/www.radiopresidenteibanez.cl\/web\/wp-json\/wp\/v2\/users\/2"}],"replies":[{"embeddable":true,"href":"https:\/\/www.radiopresidenteibanez.cl\/web\/wp-json\/wp\/v2\/comments?post=5063"}],"version-history":[{"count":0,"href":"https:\/\/www.radiopresidenteibanez.cl\/web\/wp-json\/wp\/v2\/posts\/5063\/revisions"}],"wp:featuredmedia":[{"embeddable":true,"href":"https:\/\/www.radiopresidenteibanez.cl\/web\/wp-json\/wp\/v2\/media\/5064"}],"wp:attachment":[{"href":"https:\/\/www.radiopresidenteibanez.cl\/web\/wp-json\/wp\/v2\/media?parent=5063"}],"wp:term":[{"taxonomy":"category","embeddable":true,"href":"https:\/\/www.radiopresidenteibanez.cl\/web\/wp-json\/wp\/v2\/categories?post=5063"},{"taxonomy":"post_tag","embeddable":true,"href":"https:\/\/www.radiopresidenteibanez.cl\/web\/wp-json\/wp\/v2\/tags?post=5063"}],"curies":[{"name":"wp","href":"https:\/\/api.w.org\/{rel}","templated":true}]}}