{"id":50620,"date":"2024-08-16T12:56:00","date_gmt":"2024-08-16T15:56:00","guid":{"rendered":"https:\/\/www.radiopresidenteibanez.cl\/web\/?p=50620"},"modified":"2024-08-16T08:37:19","modified_gmt":"2024-08-16T11:37:19","slug":"desde-un-avion-monte-aconcagua-te-vi-el-condor-blanco-vuela-y-viene-hacia-mi-cantan-los-jaivas","status":"publish","type":"post","link":"https:\/\/www.radiopresidenteibanez.cl\/web\/desde-un-avion-monte-aconcagua-te-vi-el-condor-blanco-vuela-y-viene-hacia-mi-cantan-los-jaivas\/","title":{"rendered":"Desde un avi\u00f3n monte Aconcagua te vi el condor blanco vuela y viene hacia m\u00ed..\u00bb cantan Los Jaivas"},"content":{"rendered":"\n<p>Por estos d\u00edas se ha dado una gran discusi\u00f3n ante la irresponsabilidad de la empresa ENEL con miles de sus usuarios, que no est\u00e1n recibiendo lo que dicha empresa tiene como principal objetivo. Dotar de energ\u00eda el\u00e9ctrica domiciliaria y en espacios p\u00fablicos, por lo que recibe onerosos emolumentos acordados con el Estado de Chile y en los que no tuvieron injerencia alguna los afectados.<br>Como sucede con cada cosa como esta, en un par de d\u00edas otra noticia superar\u00e1 lo de ENEL y los problemas de la electricidad solo servir\u00e1n como insumo de campa\u00f1a para las elecciones de autoridades en todos los niveles.<br>Una triste realidad que se mantendr\u00e1 inalterable, pues la impuso el sistema y la ciudadan\u00eda hace ya mucho que perdi\u00f3 la capacidad de reacci\u00f3n y solo protesta en las redes sociales y por alguna cosa puntual, que no siempre se difunde.<\/p>\n\n\n\n<p>2.- Mientra nos despercudimos, no est\u00e1 de m\u00e1s decir que los due\u00f1os de la empresa ENEL son accionistas extranjeros, siendo el mayoritario y principal de ellos el Ministerio de Econom\u00eda y Finanzas de Italia.<br>Si, aunque nos resistamos la mayor\u00eda del tiempo a escuchar las verdades &#8211; como ha sucedido todos estos a\u00f1os con las explicaciones que se intentan dar respecto de las AFP y la gente parece a\u00fan no entender c\u00f3mo est\u00e1 siendo robada &#8211; es necesario reiterar que la electricidad y el agua potable, 2 de los principales elementos con los que requieren contar todos los hogares para vivir con un poco de dignidad aunque no tengan siquiera para comer, fueron entregado por el Estado de Chile durante la dictadura al control de capitales privados y seguir\u00e1n en esas manos hasta que no demos los pasos m\u00ednimos para cambiar la correlaci\u00f3n de fuerzas.<br>Sin pueblo organizado y con pol\u00edticos que poco o nada hacen por cambiar el estado actual de cosas, estamos irremediablemente fritos.<\/p>\n","protected":false},"excerpt":{"rendered":"<p>Por estos d\u00edas se ha dado una gran discusi\u00f3n ante la irresponsabilidad de la empresa ENEL con miles de sus usuarios, que no est\u00e1n recibiendo lo que dicha empresa tiene&#8230; <a class=\"read-more\" href=\"https:\/\/www.radiopresidenteibanez.cl\/web\/desde-un-avion-monte-aconcagua-te-vi-el-condor-blanco-vuela-y-viene-hacia-mi-cantan-los-jaivas\/\">Leer m\u00e1s<\/a><\/p>\n","protected":false},"author":2,"featured_media":50621,"comment_status":"closed","ping_status":"closed","sticky":false,"template":"","format":"standard","meta":{"footnotes":""},"categories":[1],"tags":[],"class_list":["post-50620","post","type-post","status-publish","format-standard","has-post-thumbnail","hentry","category-cronica"],"_links":{"self":[{"href":"https:\/\/www.radiopresidenteibanez.cl\/web\/wp-json\/wp\/v2\/posts\/50620","targetHints":{"allow":["GET"]}}],"collection":[{"href":"https:\/\/www.radiopresidenteibanez.cl\/web\/wp-json\/wp\/v2\/posts"}],"about":[{"href":"https:\/\/www.radiopresidenteibanez.cl\/web\/wp-json\/wp\/v2\/types\/post"}],"author":[{"embeddable":true,"href":"https:\/\/www.radiopresidenteibanez.cl\/web\/wp-json\/wp\/v2\/users\/2"}],"replies":[{"embeddable":true,"href":"https:\/\/www.radiopresidenteibanez.cl\/web\/wp-json\/wp\/v2\/comments?post=50620"}],"version-history":[{"count":0,"href":"https:\/\/www.radiopresidenteibanez.cl\/web\/wp-json\/wp\/v2\/posts\/50620\/revisions"}],"wp:featuredmedia":[{"embeddable":true,"href":"https:\/\/www.radiopresidenteibanez.cl\/web\/wp-json\/wp\/v2\/media\/50621"}],"wp:attachment":[{"href":"https:\/\/www.radiopresidenteibanez.cl\/web\/wp-json\/wp\/v2\/media?parent=50620"}],"wp:term":[{"taxonomy":"category","embeddable":true,"href":"https:\/\/www.radiopresidenteibanez.cl\/web\/wp-json\/wp\/v2\/categories?post=50620"},{"taxonomy":"post_tag","embeddable":true,"href":"https:\/\/www.radiopresidenteibanez.cl\/web\/wp-json\/wp\/v2\/tags?post=50620"}],"curies":[{"name":"wp","href":"https:\/\/api.w.org\/{rel}","templated":true}]}}