{"id":50617,"date":"2024-08-16T11:47:00","date_gmt":"2024-08-16T14:47:00","guid":{"rendered":"https:\/\/www.radiopresidenteibanez.cl\/web\/?p=50617"},"modified":"2024-08-16T08:34:57","modified_gmt":"2024-08-16T11:34:57","slug":"se-constituye-mesa-tecnica-de-agroseguros-en-la-region-mas-austral-de-chile","status":"publish","type":"post","link":"https:\/\/www.radiopresidenteibanez.cl\/web\/se-constituye-mesa-tecnica-de-agroseguros-en-la-region-mas-austral-de-chile\/","title":{"rendered":"SE CONSTITUYE MESA TECNICA DE AGROSEGUROS EN LA REGION MAS AUSTRAL DE CHILE"},"content":{"rendered":"\n<p>Se conforma la mesa t\u00e9cnica de Agroseguros que dirige el director ejecutivo de<br>dicha Agroseguros, Alberto Ni\u00f1o de Zepeda junto al subdirector Ibar Silva, quienes<br>visitaron la regi\u00f3n expresamente para este fin.<br>La constituci\u00f3n de la mesa t\u00e9cnica de Agroseguros fue presidida por la Secretaria<br>Regional Ministerial de Agricultura, Irene Ram\u00edrez, junto a la directora del Servicio<br>Agr\u00edcola y Ganadero, Paula Quiero y representantes de los directivos del agro y<br>del sector privado como el presidente de Asogama, Gerardo Otzen, el director de<br>la Asociaci\u00f3n de Criadores Hereford, Mario Vega y el agente zonal<br>silvoagropecuario XI-XII Regi\u00f3n, Alejandro P\u00e9rez: de Arthur J. Gallagher Chile,<br>Corredores de Seguros.<br>El objetivo es recoger desde el territorio los distintos aspectos que como agro se<br>requieren aqu\u00ed en la regi\u00f3n y para eso se constituye esta mesa t\u00e9cnica p\u00fablica-<br>privada ganadera, con la participaci\u00f3n tanto de usuarios de Indap y la Asociaci\u00f3n<br>Ganadera de Magallanes para ver como esta herramienta que es Agroseguros<br>puede fortalecerse a\u00fan m\u00e1s en nuestra regi\u00f3n, expres\u00f3 la Seremi de Agricultura<br>Por su parte Zepeda, manifest\u00f3 que la mesa regional busca saber c\u00f3mo est\u00e1n<br>funcionando los seguros en la regi\u00f3n y cu\u00e1les son las cr\u00edticas para actualizar y<br>mejorar las coberturas de los seguros ganaderos para el agro con subsidio estatal<br>en Magallanes y ver qu\u00e9 podemos hacer para que aumente la seguridad de la<br>agricultura regional.<br>Agreg\u00f3 que, frente al cambio clim\u00e1tico, al Estado de Chile le interesa participar y<br>promover que los agricultores est\u00e9n asegurados. Es un hecho que los fen\u00f3menos<br>asociados al cambio clim\u00e1tico se han observado m\u00e1s seguido en el pa\u00eds.<br>Cualquier agricultor puede acceder al seguro, tr\u00e1mite que realizan las<br>aseguradoras y lo que realiza Agroseguros es subsidiar un porcentaje del monto<br>de la prima que paga el productor. En el caso de beneficiarios de Indap esto es<br>muy significativo, porque solamente est\u00e1n pagando un 5% de la prima que bonifica<br>Agroseguros.<br>Agro Seguros en la regi\u00f3n<br>El a\u00f1o 2023 se contrataron en la regi\u00f3n de Magallanes 30 p\u00f3lizas de seguros<br>ganaderos, ovinos y bovinos entre usuarios de INDAP de Punta Arenas, Natales y<br>Porvenir con montos asegurados de M$779.843.&nbsp;<br>Respecto de siniestros; el 2023 se pagaron indemnizaciones para el rubro bovino<br>por un valor de M$22.443 y de M$ 8.302 para el rubro ovino. Los siniestros<\/p>\n\n\n\n<p>pagados dicen relaci\u00f3n con muerte por ataque animales como perros<br>asilvestrados, abigeato y accidentes, entre otros como un eventual terremoto<br>blanco.<br>Jos\u00e9 Luis Mallada, usuario de Indap, tiene 257 hect\u00e1reas y pertenece al rubro<br>lechero, se dedica a hacer quesos. Actualmente tiene aseguradas12 vacas<br>lecheras por un monto asegurado de 276 UF, pagando el usuario un valor de la<br>prima de $19.390 IVA incl.<br>Cabe destacar que este instrumento cuenta con subsidio del Estado para su<br>contrataci\u00f3n, financiando en&nbsp;un porcentaje importante el costo de la prima, por lo<br>que el usuario de INDAP puede proteger su&nbsp;producci\u00f3n ganadera frente&nbsp;a posibles<br>siniestros&nbsp;a un costo muy bajo.&nbsp;&nbsp;<br>El productor Mallada ha sufrido dos siniestros; el primero ocurrido en diciembre del<br>2023 lo que afect\u00f3 a dos de sus vacas, recibiendo una indemnizaci\u00f3n de<br>$1.606.759 por un animal por accidente y el segundo fue por ataque de una jaur\u00eda<br>asilvestrados que caus\u00f3 la muerte de uno de sus vacunos, recibiendo un pago de<br>$819.553 por su animal siniestrado, comentando \u201cel animal en si lo perd\u00ed y gracias<br>al seguro, tuve una respuesta; recib\u00ed un pago por el animal\u201d.<\/p>\n","protected":false},"excerpt":{"rendered":"<p>Se conforma la mesa t\u00e9cnica de Agroseguros que dirige el director ejecutivo dedicha Agroseguros, Alberto Ni\u00f1o de Zepeda junto al subdirector Ibar Silva, quienesvisitaron la regi\u00f3n expresamente para este fin.La&#8230; <a class=\"read-more\" href=\"https:\/\/www.radiopresidenteibanez.cl\/web\/se-constituye-mesa-tecnica-de-agroseguros-en-la-region-mas-austral-de-chile\/\">Leer m\u00e1s<\/a><\/p>\n","protected":false},"author":2,"featured_media":50618,"comment_status":"closed","ping_status":"closed","sticky":false,"template":"","format":"standard","meta":{"footnotes":""},"categories":[1],"tags":[],"class_list":["post-50617","post","type-post","status-publish","format-standard","has-post-thumbnail","hentry","category-cronica"],"_links":{"self":[{"href":"https:\/\/www.radiopresidenteibanez.cl\/web\/wp-json\/wp\/v2\/posts\/50617","targetHints":{"allow":["GET"]}}],"collection":[{"href":"https:\/\/www.radiopresidenteibanez.cl\/web\/wp-json\/wp\/v2\/posts"}],"about":[{"href":"https:\/\/www.radiopresidenteibanez.cl\/web\/wp-json\/wp\/v2\/types\/post"}],"author":[{"embeddable":true,"href":"https:\/\/www.radiopresidenteibanez.cl\/web\/wp-json\/wp\/v2\/users\/2"}],"replies":[{"embeddable":true,"href":"https:\/\/www.radiopresidenteibanez.cl\/web\/wp-json\/wp\/v2\/comments?post=50617"}],"version-history":[{"count":0,"href":"https:\/\/www.radiopresidenteibanez.cl\/web\/wp-json\/wp\/v2\/posts\/50617\/revisions"}],"wp:featuredmedia":[{"embeddable":true,"href":"https:\/\/www.radiopresidenteibanez.cl\/web\/wp-json\/wp\/v2\/media\/50618"}],"wp:attachment":[{"href":"https:\/\/www.radiopresidenteibanez.cl\/web\/wp-json\/wp\/v2\/media?parent=50617"}],"wp:term":[{"taxonomy":"category","embeddable":true,"href":"https:\/\/www.radiopresidenteibanez.cl\/web\/wp-json\/wp\/v2\/categories?post=50617"},{"taxonomy":"post_tag","embeddable":true,"href":"https:\/\/www.radiopresidenteibanez.cl\/web\/wp-json\/wp\/v2\/tags?post=50617"}],"curies":[{"name":"wp","href":"https:\/\/api.w.org\/{rel}","templated":true}]}}