{"id":50614,"date":"2024-08-16T10:36:00","date_gmt":"2024-08-16T13:36:00","guid":{"rendered":"https:\/\/www.radiopresidenteibanez.cl\/web\/?p=50614"},"modified":"2024-08-16T08:29:21","modified_gmt":"2024-08-16T11:29:21","slug":"mop-realiza-apertura-economica-para-reposicion-de-primera-comisaria-de-carabineros-de-punta-arenas","status":"publish","type":"post","link":"https:\/\/www.radiopresidenteibanez.cl\/web\/mop-realiza-apertura-economica-para-reposicion-de-primera-comisaria-de-carabineros-de-punta-arenas\/","title":{"rendered":"MOP REALIZA APERTURA ECONOMICA PARA REPOSICION DE PRIMERA COMISARIA DE CARABINEROS DE PUNTA ARENAS"},"content":{"rendered":"\n<p>El Ministerio de Obras P\u00fablicas (MOP), a trav\u00e9s de la Direcci\u00f3n de Arquitectura, se<br>encuentra realizando el proceso licitatorio para ejecutar la Reposici\u00f3n de la<br>Primera Comisar\u00eda de Carabineros de Punta Arenas, iniciativa que involucra un<br>presupuesto oficial de $14.349.984.000 con financiamiento de Carabineros y el<br>F.N.D.R.<br>En este marco, este mi\u00e9rcoles 14 de agosto se realiz\u00f3 la apertura econ\u00f3mica,<br>conoci\u00e9ndose las ofertas presentadas por las tres empresas proponentes:<br>Consorcio DVC Flesan $18.650.891.334; Constructora Salfa S.A $16.882.299.098<br>y Constructora Bravo e Izquierdo Ltda $14.252.018.245.<br>Jorge Cort\u00e9s, Director Regional de Arquitectura del MOP, se\u00f1al\u00f3 que el proyecto<br>propone la reposici\u00f3n con relocalizaci\u00f3n de la Primera Comisaria de Carabineros<br>de Punta Arenas, desde su actual emplazamiento en la intersecci\u00f3n de la calle<br>Mateo de Toro y Zambrano con calle P\u00e9rez de Arce a calle Ignacio Carrera Pinto<br>N\u00b0 0255, distante aproximadamente a 2 kil\u00f3metros de la actual ubicaci\u00f3n, lo que<br>permitir\u00e1 mejorar la accesibilidad para los habitantes de la capital regional, por<br>cuanto se encuentra circunscrito por dos v\u00edas de importancia; Av. Pdte. Eduardo<br>Frei Montalva y Calle Ignacio Carrera Pinto.<br>Detall\u00f3 Cort\u00e9s que la infraestructura proyectada es de 4.283 m2, satisfaciendo los<br>requerimientos de funcionalidad, seguridad y comodidad establecidos para la<br>operaci\u00f3n de un cuartel policial, que incluye zona administrativa, de seguridad,<br>habitabilidad, movilizaci\u00f3n y apoyo log\u00edstico, adem\u00e1s de la Secci\u00f3n de<br>Investigaci\u00f3n Policial (SIP) y recintos complementarios, necesarios para la<br>operatividad del recinto.<br>En este marco, destac\u00f3 el Seremi de Obras P\u00fablicas, Jos\u00e9 Luis Hern\u00e1ndez, que<br>\u201cla globalizaci\u00f3n y la mayor actividad en la regi\u00f3n implican mayores exigencias en<br>la demanda por servicios policiales, lo que requiere disponer de los medios<br>log\u00edsticos, personal y la infraestructura adecuada para mejorar la prestaci\u00f3n de los<br>servicios y por ende los niveles de seguridad percibidos por la comunidad\u201d,<br>destacando que \u201cla infraestructura actual que alberga a la Primera Comisar\u00eda de<br>Punta Arenas presenta niveles importantes de hacinamiento, deficiencias del<br>sistema el\u00e9ctrico, carencia de soluciones acorde a las condiciones clim\u00e1ticas e<br>inadecuada operatividad de recintos, y que adem\u00e1s no cumplen con los actuales<br>est\u00e1ndares institucionales ni con los requerimientos normativos vigentes, por ende<br>el compromiso del Gobierno es a mejorar las instalaciones y dar mayor seguridad<br>y comodidad tanto a los funcionarios como a los usuarios de la dependencias\u201d.<\/p>\n\n\n\n<p>El Gobernador Regional, Jorge Flies, por su parte, estableci\u00f3 que: \u201cTenemos una<br>muy buena noticia para la regi\u00f3n y especialmente para Punta Arenas en uno de<br>los proyectos en seguridad m\u00e1s importantes y en un \u00e1rea que es de preocupaci\u00f3n<br>de la comunidad como es el \u00e1mbito de seguridad. La reposici\u00f3n de la Primera<br>Comisaria de Carabineros considerar\u00e1 una infraestructura de gran volumen de<br>m\u00e1s de 4.000 metros cuadrados que va estar reubicada en Ignacio Carrera Pinto y<br>que es una asociaci\u00f3n entre los fondos del ministerio a trav\u00e9s de Carabineros de<br>Chile con el Gobierno Regional pr\u00e1cticamente en parte iguales, con un marco<br>presupuestario de m\u00e1s de 14 mil millones de pesos. En este \u00e1mbito hoy d\u00eda se<br>realiza el proceso de apertura econ\u00f3mica y quiero felicitar lo que ha sido el<br>proceso de parte de la Direcci\u00f3n de Arquitectura del Ministerio Obras P\u00fablicas<br>porque primero se realiz\u00f3 una muy buena presentaci\u00f3n de las ofertas t\u00e9cnicas y<br>hoy d\u00eda tambi\u00e9n han sido ratificada las ofertas econ\u00f3micas y lo bueno que dentro<br>de la ofertas tenemos algunas que est\u00e1n dentro de precio del marco<br>presupuestario, lo que significa que tal como lo ha dicho el Director Regional hay<br>muy buenas posibilidades de adjudicar este proyecto\u201d.<br>\u201cNo solamente ello significa poder avanzar en un proceso tan importante como la<br>seguridad y respaldar a Carabineros de Chile, sino que lo que significa inversi\u00f3n<br>p\u00fablica en Punta Arenas de gran volumen junto con otras obras que est\u00e1 haciendo<br>Arquitectura, as\u00ed que como Gobierno Regional nos ponemos a disposici\u00f3n y<br>esperamos en las pr\u00f3ximas semanas tener muy buenas noticias ya con el inicio\u201d.<br>As\u00ed lo destac\u00f3 igualmente el Coronel de Carabineros Carlos Contreras,<br>destacando que: \u201cEs un apoyo importante, felices por nosotros los carabineros<br>porque se va a poder contar con un cuartel que primero le da mayor confort a<br>nuestros funcionarios y por sobre todo dar una mayor acogida y mejores<br>instalaciones para la ciudadan\u00eda que es a quienes nos debemos\u201d.<br>\u201cSe lleva harto tiempo esperando, m\u00e1s de 20 a\u00f1os desde los primeros anuncios<br>as\u00ed que felices de ver que se est\u00e1 materializando, que se est\u00e1 logrando y llegando<br>al objetivo para poder reafirmar m\u00e1s a\u00fan compromiso de los Carabineros y para<br>poder prestar una mayor cobertura. Como lo dec\u00eda el Gobernador, se va a<br>quintuplicar el espacio de la infraestructura respecto a lo que est\u00e1 disponible y<br>aqu\u00ed ganamos todos, porque toda la seguridad es parte de todos, nosotros<br>ponemos las ganas, trabajar, el compromiso, y el Estado nos apoya con mejores<br>dependencias\u201d.<br>Se estima que el contrato de obra de la propuesta que resulte adjudicada se inicie<br>en noviembre del presente a\u00f1o y concluyan los trabajos dentro del primer<br>semestre del a\u00f1o 2026.<\/p>\n","protected":false},"excerpt":{"rendered":"<p>El Ministerio de Obras P\u00fablicas (MOP), a trav\u00e9s de la Direcci\u00f3n de Arquitectura, seencuentra realizando el proceso licitatorio para ejecutar la Reposici\u00f3n de laPrimera Comisar\u00eda de Carabineros de Punta Arenas,&#8230; <a class=\"read-more\" href=\"https:\/\/www.radiopresidenteibanez.cl\/web\/mop-realiza-apertura-economica-para-reposicion-de-primera-comisaria-de-carabineros-de-punta-arenas\/\">Leer m\u00e1s<\/a><\/p>\n","protected":false},"author":2,"featured_media":50615,"comment_status":"closed","ping_status":"closed","sticky":false,"template":"","format":"standard","meta":{"footnotes":""},"categories":[1],"tags":[],"class_list":["post-50614","post","type-post","status-publish","format-standard","has-post-thumbnail","hentry","category-cronica"],"_links":{"self":[{"href":"https:\/\/www.radiopresidenteibanez.cl\/web\/wp-json\/wp\/v2\/posts\/50614","targetHints":{"allow":["GET"]}}],"collection":[{"href":"https:\/\/www.radiopresidenteibanez.cl\/web\/wp-json\/wp\/v2\/posts"}],"about":[{"href":"https:\/\/www.radiopresidenteibanez.cl\/web\/wp-json\/wp\/v2\/types\/post"}],"author":[{"embeddable":true,"href":"https:\/\/www.radiopresidenteibanez.cl\/web\/wp-json\/wp\/v2\/users\/2"}],"replies":[{"embeddable":true,"href":"https:\/\/www.radiopresidenteibanez.cl\/web\/wp-json\/wp\/v2\/comments?post=50614"}],"version-history":[{"count":0,"href":"https:\/\/www.radiopresidenteibanez.cl\/web\/wp-json\/wp\/v2\/posts\/50614\/revisions"}],"wp:featuredmedia":[{"embeddable":true,"href":"https:\/\/www.radiopresidenteibanez.cl\/web\/wp-json\/wp\/v2\/media\/50615"}],"wp:attachment":[{"href":"https:\/\/www.radiopresidenteibanez.cl\/web\/wp-json\/wp\/v2\/media?parent=50614"}],"wp:term":[{"taxonomy":"category","embeddable":true,"href":"https:\/\/www.radiopresidenteibanez.cl\/web\/wp-json\/wp\/v2\/categories?post=50614"},{"taxonomy":"post_tag","embeddable":true,"href":"https:\/\/www.radiopresidenteibanez.cl\/web\/wp-json\/wp\/v2\/tags?post=50614"}],"curies":[{"name":"wp","href":"https:\/\/api.w.org\/{rel}","templated":true}]}}