{"id":50611,"date":"2024-08-16T09:17:00","date_gmt":"2024-08-16T12:17:00","guid":{"rendered":"https:\/\/www.radiopresidenteibanez.cl\/web\/?p=50611"},"modified":"2024-08-16T08:22:37","modified_gmt":"2024-08-16T11:22:37","slug":"artistas-del-barrio-alfredo-lorca-exhiben-su-talento-en-casa","status":"publish","type":"post","link":"https:\/\/www.radiopresidenteibanez.cl\/web\/artistas-del-barrio-alfredo-lorca-exhiben-su-talento-en-casa\/","title":{"rendered":"ARTISTAS DEL BARRIO ALFREDO LORCA EXHIBEN SU TALENTO EN CASA"},"content":{"rendered":"\n<p>Vecinas y vecinos del barrio Alfredo Lorca disfrutaron de la m\u00fasica y la danza<br>interpretada por artistas residentes en el sector o quienes han vivido en la villa,<br>en una velada organizada por la Seremi de las Culturas, las Artes y el Patrimonio,<br>en conjunto con la Coordinadora Regional de Seguridad P\u00fablica, m\u00e1s el apoyo del<br>dispositivo Punta Arenas Seguro del municipio local.<br>El evento, que se desarroll\u00f3 el reciente mi\u00e9rcoles en dependencias del liceo<br>polit\u00e9cnico Cardenal Ra\u00fal Silva Henr\u00edquez, forma parte del plan de acciones<br>insertas en la iniciativa Recuperaci\u00f3n del Espacio P\u00fablico, que impulsan de<br>manera intersectorial los organismos del Estado.<br>\u201cEstamos ac\u00e1 en el barrio Alfredo Lorca, compartiendo con vecinas y vecinos en<br>una velada art\u00edstica que hemos construido con los artistas del barrio, aportando a<br>la recuperaci\u00f3n del espacio p\u00fablico. Esta es parte de las iniciativas que estamos<br>desarrollando, durante este semestre en este territorio, donde hemos tenido<br>actividades con ni\u00f1os, ni\u00f1as y esperamos tambi\u00e9n seguir efectuando otro tipo de<br>iniciativas para contribuir al encuentro de los vecinos y las vecinas\u201d, coment\u00f3 la<br>seremi (s) de las Culturas, las Artes y el Patrimonio, Irma Pati\u00f1o, quien asisti\u00f3 a<br>la velada junto al seremi (s) de Gobierno, Rodrigo Hern\u00e1ndez y a la Coordinadora<br>de Seguridad P\u00fablica en la Regi\u00f3n de Magallanes, Carla Barrientos.<br>M\u00fasica popular, urbana, folclor y danza, fueron las expresiones que animaron la<br>jornada. Estuvieron a cargo de Valentina D\u00edaz y Pablo Z\u00fa\u00f1iga, campeones<br>regionales de cueca y representantes de Magallanes en el torneo Nacional Juvenil<br>de San Pedro de Melipilla 2024; el d\u00fao compuesto por Jos\u00e9 Millal\u00f3n (en bater\u00eda )<\/p>\n\n\n\n<p>y Carlos D\u00edaz (acorde\u00f3n); el binomio de Andr\u00e9s Na\u00edn (acorde\u00f3n) y Jorge Tangol<br>(guitarra); Cristi\u00e1n Na\u00edn, ex integrante de la banda Manakata; la agrupaci\u00f3n de<br>danza folcl\u00f3rica Sendero Nazareth; el tr\u00edo de rap Ayni Hip Hop y la solista Sandra<br>Valderas, actualmente en Porvenir, pero que residi\u00f3 hace unos a\u00f1os en la villa<br>Alfredo Lorca.<br>\u201cYo creo que es un acierto muy lindo de la serem\u00eda de Cultura, porque esto va a<br>servir para unirnos entre los vecinos. Ojal\u00e1 que en los pr\u00f3ximos eventos, los<br>mismos vecinos que participaron hoy, traigan a otros vecinos a participar, para<br>que sea m\u00e1s ameno, m\u00e1s familiar y pueda divertirse toda la gente\u201d, sostuvo el<br>vecino y m\u00fasico, Jorge Tangol.<br>Mientras que Bernardita Otey, presidenta de la Junta de Vecinos Alfredo Lorca,<br>valor\u00f3 la presencia y compromiso de la institucionalidad p\u00fablica con el barrio.<br>\u201cBueno esto es como una apertura de las actividades que se van a ir realizando<br>para la poblaci\u00f3n. Y bueno, estamos rescatando a nuestros artistas de la<br>poblaci\u00f3n, para que nos sirva para empezar a compartir y a conocernos\u201d,<br>precis\u00f3.<\/p>\n","protected":false},"excerpt":{"rendered":"<p>Vecinas y vecinos del barrio Alfredo Lorca disfrutaron de la m\u00fasica y la danzainterpretada por artistas residentes en el sector o quienes han vivido en la villa,en una velada organizada&#8230; <a class=\"read-more\" href=\"https:\/\/www.radiopresidenteibanez.cl\/web\/artistas-del-barrio-alfredo-lorca-exhiben-su-talento-en-casa\/\">Leer m\u00e1s<\/a><\/p>\n","protected":false},"author":2,"featured_media":50612,"comment_status":"closed","ping_status":"closed","sticky":false,"template":"","format":"standard","meta":{"footnotes":""},"categories":[1],"tags":[],"class_list":["post-50611","post","type-post","status-publish","format-standard","has-post-thumbnail","hentry","category-cronica"],"_links":{"self":[{"href":"https:\/\/www.radiopresidenteibanez.cl\/web\/wp-json\/wp\/v2\/posts\/50611","targetHints":{"allow":["GET"]}}],"collection":[{"href":"https:\/\/www.radiopresidenteibanez.cl\/web\/wp-json\/wp\/v2\/posts"}],"about":[{"href":"https:\/\/www.radiopresidenteibanez.cl\/web\/wp-json\/wp\/v2\/types\/post"}],"author":[{"embeddable":true,"href":"https:\/\/www.radiopresidenteibanez.cl\/web\/wp-json\/wp\/v2\/users\/2"}],"replies":[{"embeddable":true,"href":"https:\/\/www.radiopresidenteibanez.cl\/web\/wp-json\/wp\/v2\/comments?post=50611"}],"version-history":[{"count":0,"href":"https:\/\/www.radiopresidenteibanez.cl\/web\/wp-json\/wp\/v2\/posts\/50611\/revisions"}],"wp:featuredmedia":[{"embeddable":true,"href":"https:\/\/www.radiopresidenteibanez.cl\/web\/wp-json\/wp\/v2\/media\/50612"}],"wp:attachment":[{"href":"https:\/\/www.radiopresidenteibanez.cl\/web\/wp-json\/wp\/v2\/media?parent=50611"}],"wp:term":[{"taxonomy":"category","embeddable":true,"href":"https:\/\/www.radiopresidenteibanez.cl\/web\/wp-json\/wp\/v2\/categories?post=50611"},{"taxonomy":"post_tag","embeddable":true,"href":"https:\/\/www.radiopresidenteibanez.cl\/web\/wp-json\/wp\/v2\/tags?post=50611"}],"curies":[{"name":"wp","href":"https:\/\/api.w.org\/{rel}","templated":true}]}}