{"id":50608,"date":"2024-08-16T08:28:00","date_gmt":"2024-08-16T11:28:00","guid":{"rendered":"https:\/\/www.radiopresidenteibanez.cl\/web\/?p=50608"},"modified":"2024-08-16T08:17:32","modified_gmt":"2024-08-16T11:17:32","slug":"documental-ensamble-patagoniallega-a-las-pantallas-de-la-television-universitaria-umag-tv","status":"publish","type":"post","link":"https:\/\/www.radiopresidenteibanez.cl\/web\/documental-ensamble-patagoniallega-a-las-pantallas-de-la-television-universitaria-umag-tv\/","title":{"rendered":"DOCUMENTAL \u00abENSAMBLE PATAGONIA\u00bbLLEGA A LAS PANTALLAS DE LA TELEVISION UNIVERSITARIA UMAG TV"},"content":{"rendered":"\n<p>Este domingo 18 de agosto a las 20.30 horas vivir\u00e1 su estreno en televisi\u00f3n a trav\u00e9s de las se\u00f1ales de UMAG TV (canales 33, 65 y 68 TV Red Punta Arenas, Puerto Natales y Puerto Williams, respectivamente, adem\u00e1s de&nbsp;<a href=\"http:\/\/www.umagtv.cl\/\" target=\"_blank\" rel=\"noreferrer noopener\">www.umagtv.cl<\/a>) el exitoso documental&nbsp;<strong>\u201cEnsamble Patagonia \u2013 Arquitecturas chilotas fundacionales de Magallanes (1890 \u2013 1950)\u201d,<\/strong>&nbsp;producido por Matoco Films y financiado por el Fondo Nacional del Desarrollo Cultural y las Artes, Fondart Regional de Magallanes.<\/p>\n\n\n\n<p>Este es el resultado del trabajo de investigaci\u00f3n de la arquitecta Valentina C\u00e1rdenas Espinoza y la antrop\u00f3loga Silvana Arteche Sep\u00falveda bajo la realizaci\u00f3n audiovisual del director y montajista Nicol\u00e1s Fern\u00e1ndez Salinas. El largometraje narra a trav\u00e9s de testimonios, la herencia chilota en la arquitectura de una Patagonia emergente a fines del siglo XIX, cuyas casas fueron levantadas por grandes carpinteros chilotes, que hoy son recordados en la pantalla grande, pero olvidados en los libros de la historia oficial. Con el uso de la madera como materia prima, el ingenio como \u00fanico saber, y la esperanza de una vida mejor, fueron numerosas familias oriundas de Chilo\u00e9 que se asentaron en este territorio, para construir tabla por tabla el Magallanes que hoy conocemos.<\/p>\n\n\n\n<p>La emisi\u00f3n se dar\u00e1 de manera simult\u00e1nea con la se\u00f1al de la isla grande de Chilo\u00e9 \u201cCastro TV\u201d (19.30 horas)<\/p>\n","protected":false},"excerpt":{"rendered":"<p>Este domingo 18 de agosto a las 20.30 horas vivir\u00e1 su estreno en televisi\u00f3n a trav\u00e9s de las se\u00f1ales de UMAG TV (canales 33, 65 y 68 TV Red Punta&#8230; <a class=\"read-more\" href=\"https:\/\/www.radiopresidenteibanez.cl\/web\/documental-ensamble-patagoniallega-a-las-pantallas-de-la-television-universitaria-umag-tv\/\">Leer m\u00e1s<\/a><\/p>\n","protected":false},"author":2,"featured_media":50609,"comment_status":"closed","ping_status":"closed","sticky":false,"template":"","format":"standard","meta":{"footnotes":""},"categories":[1],"tags":[],"class_list":["post-50608","post","type-post","status-publish","format-standard","has-post-thumbnail","hentry","category-cronica"],"_links":{"self":[{"href":"https:\/\/www.radiopresidenteibanez.cl\/web\/wp-json\/wp\/v2\/posts\/50608","targetHints":{"allow":["GET"]}}],"collection":[{"href":"https:\/\/www.radiopresidenteibanez.cl\/web\/wp-json\/wp\/v2\/posts"}],"about":[{"href":"https:\/\/www.radiopresidenteibanez.cl\/web\/wp-json\/wp\/v2\/types\/post"}],"author":[{"embeddable":true,"href":"https:\/\/www.radiopresidenteibanez.cl\/web\/wp-json\/wp\/v2\/users\/2"}],"replies":[{"embeddable":true,"href":"https:\/\/www.radiopresidenteibanez.cl\/web\/wp-json\/wp\/v2\/comments?post=50608"}],"version-history":[{"count":0,"href":"https:\/\/www.radiopresidenteibanez.cl\/web\/wp-json\/wp\/v2\/posts\/50608\/revisions"}],"wp:featuredmedia":[{"embeddable":true,"href":"https:\/\/www.radiopresidenteibanez.cl\/web\/wp-json\/wp\/v2\/media\/50609"}],"wp:attachment":[{"href":"https:\/\/www.radiopresidenteibanez.cl\/web\/wp-json\/wp\/v2\/media?parent=50608"}],"wp:term":[{"taxonomy":"category","embeddable":true,"href":"https:\/\/www.radiopresidenteibanez.cl\/web\/wp-json\/wp\/v2\/categories?post=50608"},{"taxonomy":"post_tag","embeddable":true,"href":"https:\/\/www.radiopresidenteibanez.cl\/web\/wp-json\/wp\/v2\/tags?post=50608"}],"curies":[{"name":"wp","href":"https:\/\/api.w.org\/{rel}","templated":true}]}}