{"id":50604,"date":"2024-08-15T17:34:00","date_gmt":"2024-08-15T20:34:00","guid":{"rendered":"https:\/\/www.radiopresidenteibanez.cl\/web\/?p=50604"},"modified":"2024-08-15T13:38:38","modified_gmt":"2024-08-15T16:38:38","slug":"injuv-premio-a-jovenes-lideres-por-su-aporte-a-magallanes","status":"publish","type":"post","link":"https:\/\/www.radiopresidenteibanez.cl\/web\/injuv-premio-a-jovenes-lideres-por-su-aporte-a-magallanes\/","title":{"rendered":"INJUV premi\u00f3 a j\u00f3venes l\u00edderes por su aporte a Magallanes"},"content":{"rendered":"\n<p>En el D\u00eda Internacional de la Juventud, que se celebra cada 12 de agosto, la direcci\u00f3n regional del Instituto Nacional de la Juventud (INJUV), servicio dependiente del Ministerio de Desarrollo Social y Familia, organiz\u00f3 en Punta Arenas una ceremonia de reconocimiento a j\u00f3venes l\u00edderes que han demostrado un destacado compromiso en diversos \u00e1mbitos de la sociedad.<\/p>\n\n\n\n<p>La actividad, que se llev\u00f3 a cabo en el auditorio Ernesto Livacic de la Universidad de Magallanes (UMAG), cont\u00f3 con la participaci\u00f3n del Gobernador Jorge Flies, del Seremi de Desarrollo Social y Familia, Danilo Mimica, y de secretarios y secretarias ministeriales que participaron en la entrega de reconocimientos en las siguientes categor\u00edas: Deporte, Emprendimiento, Liderazgo, Desarrollo y Progresi\u00f3n Personal, Social y Territorial, Voluntariado, Cultura, Votaci\u00f3n por Redes Sociales, y una organizaci\u00f3n juvenil.<\/p>\n\n\n\n<p>Durante su discurso, la Directora Regional del INJUV, Carla Cifuentes, destac\u00f3 que \u201creconocimos a ocho j\u00f3venes en \u00e1mbitos tan amplios, como la cultura, deporte, liderazgo, voluntariado, y tambi\u00e9n reconocimos a una organizaci\u00f3n que trabaja con juventudes en el \u00e1rea de las diversidades<a>&nbsp;sexogen\u00e9ricas<\/a>. Esto es un espacio para relevar el protagonismo de las juventudes, el papel protag\u00f3nico que tienen como agentes de cambios, y para que otros j\u00f3venes se inspiren y se motiven a seguir el camino, y que vean que no es dif\u00edcil hacer la diferencia. Esta actividad de reconocimiento ya la replicamos en las comunas de Cabo de Hornos, Porvenir y vamos a cerrar el mes realizando esta ceremonia en Natales\u201d.<\/p>\n\n\n\n<p>A su vez, el Seremi Danilo Mimica, se\u00f1al\u00f3 que \u201cel Gobierno del Presidente Gabriel Boric se ha comprometido en fortalecer el trabajo con las juventudes, y por ello, una de las tareas que tenemos es potenciar el INJUV porque creemos que sus usuarios, los j\u00f3venes, tienen la capacidad y la creatividad de generar cambios positivos en la sociedad. Por eso queremos acompa\u00f1ar a los j\u00f3venes en este proceso, asegurando espacios de participaci\u00f3n para enfrentar temas tan relevantes como la erradicaci\u00f3n de la pobreza y las desigualdades\u201d.<\/p>\n","protected":false},"excerpt":{"rendered":"<p>En el D\u00eda Internacional de la Juventud, que se celebra cada 12 de agosto, la direcci\u00f3n regional del Instituto Nacional de la Juventud (INJUV), servicio dependiente del Ministerio de Desarrollo&#8230; <a class=\"read-more\" href=\"https:\/\/www.radiopresidenteibanez.cl\/web\/injuv-premio-a-jovenes-lideres-por-su-aporte-a-magallanes\/\">Leer m\u00e1s<\/a><\/p>\n","protected":false},"author":2,"featured_media":50605,"comment_status":"closed","ping_status":"closed","sticky":false,"template":"","format":"standard","meta":{"footnotes":""},"categories":[1],"tags":[],"class_list":["post-50604","post","type-post","status-publish","format-standard","has-post-thumbnail","hentry","category-cronica"],"_links":{"self":[{"href":"https:\/\/www.radiopresidenteibanez.cl\/web\/wp-json\/wp\/v2\/posts\/50604","targetHints":{"allow":["GET"]}}],"collection":[{"href":"https:\/\/www.radiopresidenteibanez.cl\/web\/wp-json\/wp\/v2\/posts"}],"about":[{"href":"https:\/\/www.radiopresidenteibanez.cl\/web\/wp-json\/wp\/v2\/types\/post"}],"author":[{"embeddable":true,"href":"https:\/\/www.radiopresidenteibanez.cl\/web\/wp-json\/wp\/v2\/users\/2"}],"replies":[{"embeddable":true,"href":"https:\/\/www.radiopresidenteibanez.cl\/web\/wp-json\/wp\/v2\/comments?post=50604"}],"version-history":[{"count":0,"href":"https:\/\/www.radiopresidenteibanez.cl\/web\/wp-json\/wp\/v2\/posts\/50604\/revisions"}],"wp:featuredmedia":[{"embeddable":true,"href":"https:\/\/www.radiopresidenteibanez.cl\/web\/wp-json\/wp\/v2\/media\/50605"}],"wp:attachment":[{"href":"https:\/\/www.radiopresidenteibanez.cl\/web\/wp-json\/wp\/v2\/media?parent=50604"}],"wp:term":[{"taxonomy":"category","embeddable":true,"href":"https:\/\/www.radiopresidenteibanez.cl\/web\/wp-json\/wp\/v2\/categories?post=50604"},{"taxonomy":"post_tag","embeddable":true,"href":"https:\/\/www.radiopresidenteibanez.cl\/web\/wp-json\/wp\/v2\/tags?post=50604"}],"curies":[{"name":"wp","href":"https:\/\/api.w.org\/{rel}","templated":true}]}}