{"id":5060,"date":"2019-06-14T19:09:25","date_gmt":"2019-06-14T19:09:25","guid":{"rendered":"http:\/\/www.radiopresidenteibanez.cl\/web\/?p=5060"},"modified":"2019-06-14T19:09:53","modified_gmt":"2019-06-14T19:09:53","slug":"ministerio-del-medio-ambiente-se-suma-a-la-campana-ciudadana-yoquierosbap","status":"publish","type":"post","link":"https:\/\/www.radiopresidenteibanez.cl\/web\/ministerio-del-medio-ambiente-se-suma-a-la-campana-ciudadana-yoquierosbap\/","title":{"rendered":"MINISTERIO DEL MEDIO AMBIENTE SE SUMA A LA CAMPA\u00d1A CIUDADANA #YOQUIEROSBAP"},"content":{"rendered":"\n<p>La Sociedad de\nEcolog\u00eda de Chile (SOCECOL), principal sociedad cient\u00edfica de Chile en temas de\necolog\u00eda y conservaci\u00f3n, lanz\u00f3 en la plataforma \u201cChange.org\u201d una campa\u00f1a a\nfines de mayo, que busca movilizar a los parlamentarios para avanzar en la\naprobaci\u00f3n del Proyecto de Ley que crea el Servicio de Biodiversidad y \u00c1reas\nProtegidas (SBAP), que lleva casi una d\u00e9cada en el Congreso Nacional.<\/p>\n\n\n\n<p>La ministra del Medio\nAmbiente, Carolina Schmidt, manifest\u00f3 que \u201cel SBAP es el coraz\u00f3n del ministerio\ndel Medio Ambiente. Necesitamos un servicio dedicado especialmente a la\nconservaci\u00f3n de la naturaleza de todo nuestro pa\u00eds y por eso nos sumamos al\nllamado a la pronta aprobaci\u00f3n de este proyecto\u201d.<\/p>\n\n\n\n<p>En ese sentido, la\nsecretaria de Estado agreg\u00f3 que \u201cde cara a la COP25 tenemos que ser capaces de\nfortalecer nuestra institucionalidad ambiental. Con este proyecto de ley\naumentaremos m\u00e1s del doble los recursos disponibles para la conservaci\u00f3n de\nnuestro patrimonio natural\u201d.<\/p>\n\n\n\n<p>Por su parte, el\nSeremi Eduardo Schiappacasse, explic\u00f3 que este proyecto de Ley cubrir\u00e1\nnecesidades hist\u00f3ricas de la Regi\u00f3n de Magallanes y de la Ant\u00e1rtica, cuyo 56,7\n% de superficie terrestre cuenta con alg\u00fan nivel de protecci\u00f3n. \u201cEl Sbap busca\nfortalecer las \u00e1reas protegidas, permitiendo una mayor fiscalizaci\u00f3n, tanto\npara las \u00e1reas administradas por el Estado, como por privados, integr\u00e1ndolas al\nSistema Nacional de \u00c1reas Protegidas y generando estrategias de conservaci\u00f3n\nconjuntas. Adem\u00e1s, al fin contar\u00e1 la regi\u00f3n con una entidad que pueda controlar\ny erradicar las especies ex\u00f3ticas invasoras, como el Vis\u00f3n o el Castor, tan\nda\u00f1inas para nuestra biodiversidad, turismo y sector productivo. Adem\u00e1s este\nServicio est\u00e1 llamado a hacerse cargo de las especies amenazadas, como lo son\nla Ballena Jorobada (<em>Megaptera\nnovaeangliae<\/em>), la Tonina Overa (<em>Cephalorhynchus\ncommersoni<\/em>), o el Canqu\u00e9n Colorado (<em>Chloephaga\nrubidiceps<\/em>), este \u00faltimo en peligro cr\u00edtico\u201d.<\/p>\n\n\n\n<p>Adem\u00e1s, la autoridad\nlocal recalc\u00f3 que la administraci\u00f3n y gesti\u00f3n de las \u00e1reas marinas tambi\u00e9n se\nver\u00edan beneficiadas. \u201cLugares como el Parque Nacional Kaw\u00e9sqar, Reserva\nNacional Kaw\u00e9sqar, \u00c1rea Marina Costero Protegida de M\u00faltiples Usos Francisco\nColoane y Seno Almirantazgo, Parque Marino Islas Diego Ram\u00edrez-Paso Drake\npodr\u00edan fortalecerse y convertirse en polos de desarrollo de la regi\u00f3n,\nintegrando la visi\u00f3n de los pueblos originarios, comunidad cient\u00edfica y escolar\ny, protegiendo las especies y ecosistemas que en estos lugares existen. Se\nrequiere para ello un Servicio multidisciplinario, con instrumentos renovados y\nuna direcci\u00f3n ejecutiva dedicada a ello. Estamos ante una inversi\u00f3n estrat\u00e9gica\npara la regi\u00f3n\u201d.<\/p>\n\n\n\n<p>Para sumarte y firmar\ntu compromiso con la urgencia de crear el Servicio de Biodiversidad y \u00c1reas\nProtegidas, te invitamos a ingresar al siguiente link <a href=\"https:\/\/gob.us19.list-manage.com\/track\/click?u=f218deb617819d0524618bff7&amp;id=c30dc5376b&amp;e=84763be71b\">https:\/\/bit.ly\/31w157L<\/a><br>\n&nbsp;<br>\n&nbsp;<br>\n<br>\n<strong><\/strong><\/p>\n\n\n\n<p><strong>Servicio de\nBiodiversidad y \u00c1reas Protegidas<\/strong><\/p>\n\n\n\n<p>Es un proyecto de ley\nque crea un servicio p\u00fablico, dependiente del Ministerio del Medio Ambiente,\nque se encargar\u00e1 de la conservaci\u00f3n de la biodiversidad y cuyo principal\ninstrumento ser\u00e1 la administraci\u00f3n de un sistema nacional de \u00e1reas protegidas,\nque integrar\u00e1 las \u00e1reas protegidas terrestres y marinas. Adem\u00e1s, permitir\u00e1\ncubrir vac\u00edos de nuestra normativa actual, para proteger de mejor forma\nnuestros humedales y especies m\u00e1s amenazadas, entre otros.<br>\n&nbsp;<br>\nLa iniciativa permitir\u00e1 <strong>mejorar\nsignificativamente el financiamiento de nuestras \u00e1reas protegidas<\/strong>.\nChile es uno de los pa\u00edses que menos recursos invierte en cuidar sus \u00e1reas\nprotegidas (menos de 2 d\u00f3lares por hect\u00e1rea), y el proyecto de ley generar\u00e1 un\nsalto importante en el presupuesto destinado a la conservaci\u00f3n de nuestro\npatrimonio natural, haci\u00e9ndolo crecer desde $15.000 millones a cerca de $38.000\nmillones.<\/p>\n\n\n\n<p>El sistema de \u00e1reas protegidas considera el traspaso de todas las \u00e1reas protegidas administradas por Conaf, con todos sus recursos financieros y personal. De esta forma, el SBAP es una evoluci\u00f3n institucional que se construye sobre todo el conocimiento acumulado por la Conaf durante d\u00e9cadas. <\/p>\n\n\n\n<figure class=\"wp-block-image\"><img loading=\"lazy\" decoding=\"async\" width=\"900\" height=\"675\" src=\"https:\/\/www.radiopresidenteibanez.cl\/web\/wp-content\/uploads\/2019\/06\/Guanacos-Parque-Nacional-Torres-del-Paine-invierno-2015_VALERIAPIZARRO_CAP8.jpg\" alt=\"\" class=\"wp-image-5061\" srcset=\"https:\/\/www.radiopresidenteibanez.cl\/web\/wp-content\/uploads\/2019\/06\/Guanacos-Parque-Nacional-Torres-del-Paine-invierno-2015_VALERIAPIZARRO_CAP8.jpg 900w, https:\/\/www.radiopresidenteibanez.cl\/web\/wp-content\/uploads\/2019\/06\/Guanacos-Parque-Nacional-Torres-del-Paine-invierno-2015_VALERIAPIZARRO_CAP8-300x225.jpg 300w, https:\/\/www.radiopresidenteibanez.cl\/web\/wp-content\/uploads\/2019\/06\/Guanacos-Parque-Nacional-Torres-del-Paine-invierno-2015_VALERIAPIZARRO_CAP8-768x576.jpg 768w\" sizes=\"auto, (max-width: 900px) 100vw, 900px\" \/><\/figure>\n","protected":false},"excerpt":{"rendered":"<p>La Sociedad de Ecolog\u00eda de Chile (SOCECOL), principal sociedad cient\u00edfica de Chile en temas de ecolog\u00eda y conservaci\u00f3n, lanz\u00f3 en la plataforma \u201cChange.org\u201d una campa\u00f1a a fines de mayo, que&#8230; <a class=\"read-more\" href=\"https:\/\/www.radiopresidenteibanez.cl\/web\/ministerio-del-medio-ambiente-se-suma-a-la-campana-ciudadana-yoquierosbap\/\">Leer m\u00e1s<\/a><\/p>\n","protected":false},"author":2,"featured_media":5061,"comment_status":"closed","ping_status":"closed","sticky":false,"template":"","format":"standard","meta":{"footnotes":""},"categories":[1],"tags":[],"class_list":["post-5060","post","type-post","status-publish","format-standard","has-post-thumbnail","hentry","category-cronica"],"_links":{"self":[{"href":"https:\/\/www.radiopresidenteibanez.cl\/web\/wp-json\/wp\/v2\/posts\/5060","targetHints":{"allow":["GET"]}}],"collection":[{"href":"https:\/\/www.radiopresidenteibanez.cl\/web\/wp-json\/wp\/v2\/posts"}],"about":[{"href":"https:\/\/www.radiopresidenteibanez.cl\/web\/wp-json\/wp\/v2\/types\/post"}],"author":[{"embeddable":true,"href":"https:\/\/www.radiopresidenteibanez.cl\/web\/wp-json\/wp\/v2\/users\/2"}],"replies":[{"embeddable":true,"href":"https:\/\/www.radiopresidenteibanez.cl\/web\/wp-json\/wp\/v2\/comments?post=5060"}],"version-history":[{"count":0,"href":"https:\/\/www.radiopresidenteibanez.cl\/web\/wp-json\/wp\/v2\/posts\/5060\/revisions"}],"wp:featuredmedia":[{"embeddable":true,"href":"https:\/\/www.radiopresidenteibanez.cl\/web\/wp-json\/wp\/v2\/media\/5061"}],"wp:attachment":[{"href":"https:\/\/www.radiopresidenteibanez.cl\/web\/wp-json\/wp\/v2\/media?parent=5060"}],"wp:term":[{"taxonomy":"category","embeddable":true,"href":"https:\/\/www.radiopresidenteibanez.cl\/web\/wp-json\/wp\/v2\/categories?post=5060"},{"taxonomy":"post_tag","embeddable":true,"href":"https:\/\/www.radiopresidenteibanez.cl\/web\/wp-json\/wp\/v2\/tags?post=5060"}],"curies":[{"name":"wp","href":"https:\/\/api.w.org\/{rel}","templated":true}]}}