{"id":50595,"date":"2024-08-15T12:52:02","date_gmt":"2024-08-15T15:52:02","guid":{"rendered":"https:\/\/www.radiopresidenteibanez.cl\/web\/?p=50595"},"modified":"2024-08-15T12:52:10","modified_gmt":"2024-08-15T15:52:10","slug":"sigue-llenando-este-minuto-de-razones-para-respirar-no-me-complazcas-no-te-niegues-canta-pablo-milanes","status":"publish","type":"post","link":"https:\/\/www.radiopresidenteibanez.cl\/web\/sigue-llenando-este-minuto-de-razones-para-respirar-no-me-complazcas-no-te-niegues-canta-pablo-milanes\/","title":{"rendered":"Sigue llenando este minuto de razones para respirar no me complazcas no te niegues..\u00bb canta Pablo Milanes"},"content":{"rendered":"\n<p>Las organizaciones sociales requieren a veces de personas que cumplan determinadas funciones, con el objetivo de lograr llegar a las bases con la mayor cantidad de informaci\u00f3n y elementos para posibilitar el trabajo.<br>Por cierto, tal necesidad de gente que apoye va a estar directamente relacionada con la cantidad de organizaciones y personas que la integren. Los grandes sindicatos requieren de trabajadores que cumplan funciones administrativas y tambi\u00e9n las Federaciones, Confederaciones y Centrales Sindicales. Quienes all\u00ed trabajan deben tener un contrato en el que est\u00e9 claro el sueldo, recibir el pago regular de los derechos previsionales y algunos beneficios como locomoci\u00f3n, colaci\u00f3n y jornada horaria.<br>En la medida de que los recursos lo permitan se debe llegar a entregar aguinaldos y otras prestaciones que reciben regularmente los trabajadores, debiendo tener siempre claro que no se est\u00e1 en una empresa, sino en una organizaci\u00f3n social con un objetivo definido.<\/p>\n\n\n\n<p>2.- Lo m\u00e1s importante en este particular grupo de trabajadores es el compromiso con la causa que defiende la organizaci\u00f3n que hace de empleadora.<br>Mantener al d\u00eda los antecedentes de quienes la integran, contacto fluido y relaci\u00f3n permanente entre ellos y con los afiliados, evitar faltas intempestivas o atrasos sin avisar a tiempo, pues eso perjudica las tareas del d\u00eda a d\u00eda son cuestiones b\u00e1sicas que deben estar siempre presentes.<br>No hay jerarqu\u00edas entre quienes trabajan para una organizaci\u00f3n, pero s\u00ed debe existir respeto por los roles que cada uno juega dentro de ella.<br>Ser trabajador en una organizaci\u00f3n de trabajadores es un compromiso con los ideales de la clase trabajadora, y eso debemos tenerlo siempre presente aquellos que asumimos estas tarea<\/p>\n","protected":false},"excerpt":{"rendered":"<p>Las organizaciones sociales requieren a veces de personas que cumplan determinadas funciones, con el objetivo de lograr llegar a las bases con la mayor cantidad de informaci\u00f3n y elementos para&#8230; <a class=\"read-more\" href=\"https:\/\/www.radiopresidenteibanez.cl\/web\/sigue-llenando-este-minuto-de-razones-para-respirar-no-me-complazcas-no-te-niegues-canta-pablo-milanes\/\">Leer m\u00e1s<\/a><\/p>\n","protected":false},"author":2,"featured_media":50596,"comment_status":"closed","ping_status":"closed","sticky":false,"template":"","format":"standard","meta":{"footnotes":""},"categories":[1],"tags":[],"class_list":["post-50595","post","type-post","status-publish","format-standard","has-post-thumbnail","hentry","category-cronica"],"_links":{"self":[{"href":"https:\/\/www.radiopresidenteibanez.cl\/web\/wp-json\/wp\/v2\/posts\/50595","targetHints":{"allow":["GET"]}}],"collection":[{"href":"https:\/\/www.radiopresidenteibanez.cl\/web\/wp-json\/wp\/v2\/posts"}],"about":[{"href":"https:\/\/www.radiopresidenteibanez.cl\/web\/wp-json\/wp\/v2\/types\/post"}],"author":[{"embeddable":true,"href":"https:\/\/www.radiopresidenteibanez.cl\/web\/wp-json\/wp\/v2\/users\/2"}],"replies":[{"embeddable":true,"href":"https:\/\/www.radiopresidenteibanez.cl\/web\/wp-json\/wp\/v2\/comments?post=50595"}],"version-history":[{"count":0,"href":"https:\/\/www.radiopresidenteibanez.cl\/web\/wp-json\/wp\/v2\/posts\/50595\/revisions"}],"wp:featuredmedia":[{"embeddable":true,"href":"https:\/\/www.radiopresidenteibanez.cl\/web\/wp-json\/wp\/v2\/media\/50596"}],"wp:attachment":[{"href":"https:\/\/www.radiopresidenteibanez.cl\/web\/wp-json\/wp\/v2\/media?parent=50595"}],"wp:term":[{"taxonomy":"category","embeddable":true,"href":"https:\/\/www.radiopresidenteibanez.cl\/web\/wp-json\/wp\/v2\/categories?post=50595"},{"taxonomy":"post_tag","embeddable":true,"href":"https:\/\/www.radiopresidenteibanez.cl\/web\/wp-json\/wp\/v2\/tags?post=50595"}],"curies":[{"name":"wp","href":"https:\/\/api.w.org\/{rel}","templated":true}]}}