{"id":50592,"date":"2024-08-14T16:47:00","date_gmt":"2024-08-14T19:47:00","guid":{"rendered":"https:\/\/www.radiopresidenteibanez.cl\/web\/?p=50592"},"modified":"2024-08-14T11:59:12","modified_gmt":"2024-08-14T14:59:12","slug":"union-comunal-hernando-de-magallanes-entregara-250-canastas-solidarias-a-familias-puntarenenses","status":"publish","type":"post","link":"https:\/\/www.radiopresidenteibanez.cl\/web\/union-comunal-hernando-de-magallanes-entregara-250-canastas-solidarias-a-familias-puntarenenses\/","title":{"rendered":"UNION COMUNAL HERNANDO DE MAGALLANES ENTREGARA 250 CANASTAS SOLIDARIAS A FAMILIAS PUNTARENENSES"},"content":{"rendered":"\n<p>Para ir en ayuda de familias puntarenenses que est\u00e1n pasando un duro invierno, la C\u00e1mara Chilena de la Construcci\u00f3n (CChC) Magallanes y Salmones&nbsp;Blumar&nbsp;Magallanes se unieron para donar 250 canastas solidarias a la Uni\u00f3n Comunal Hernando de Magallanes (UNCO Magallanes), instituci\u00f3n que repartir\u00e1 las canastas durante el mes de agosto en la capital regional.<\/p>\n\n\n\n<p>\u201cDesde 2020 que la C\u00e1mara y Blumar nos apoyan siempre en estas \u00e9pocas con canastas sociales, las cuales se distribuyen a cada una de las Juntas de Vecinos asociadas a la Uni\u00f3n Comunal, yendo en directo beneficio de las familias m\u00e1s vulnerables de cada sector\u201d, coment\u00f3 Raquel \u00c1lvarez, presidenta UNCO&nbsp;Magallanes<\/p>\n\n\n\n<p>En tanto, Omar Vargas, presidente de la CChC Magallanes, se\u00f1al\u00f3 que \u201ces muy importante este tipo de donaciones porque es c\u00f3mo nosotros como gremio de la construcci\u00f3n conectamos con la comunidad regional. Queremos que los habitantes de los territorios pertenecientes a UNCO Magallanes puedan recibir esta ayuda en momentos que se necesita bastante, principalmente por las cifras de desempleo en la regi\u00f3n\u201d.&nbsp;<\/p>\n\n\n\n<p>Finalmente, Pablo Sol\u00eds, subgerente de Producci\u00f3n Salmones&nbsp;Blumar&nbsp;Magallanes, destac\u00f3 que \u201cestamos muy contentos de participar en esta donaci\u00f3n. Aportamos productos que estar\u00e1n en la mesa de 250 familias, lo que nos enorgullece. Esperamos seguir aportando en m\u00e1s ocasiones m\u00e1s adelante\u201d.<\/p>\n","protected":false},"excerpt":{"rendered":"<p>Para ir en ayuda de familias puntarenenses que est\u00e1n pasando un duro invierno, la C\u00e1mara Chilena de la Construcci\u00f3n (CChC) Magallanes y Salmones&nbsp;Blumar&nbsp;Magallanes se unieron para donar 250 canastas solidarias&#8230; <a class=\"read-more\" href=\"https:\/\/www.radiopresidenteibanez.cl\/web\/union-comunal-hernando-de-magallanes-entregara-250-canastas-solidarias-a-familias-puntarenenses\/\">Leer m\u00e1s<\/a><\/p>\n","protected":false},"author":2,"featured_media":50593,"comment_status":"closed","ping_status":"closed","sticky":false,"template":"","format":"standard","meta":{"footnotes":""},"categories":[1],"tags":[],"class_list":["post-50592","post","type-post","status-publish","format-standard","has-post-thumbnail","hentry","category-cronica"],"_links":{"self":[{"href":"https:\/\/www.radiopresidenteibanez.cl\/web\/wp-json\/wp\/v2\/posts\/50592","targetHints":{"allow":["GET"]}}],"collection":[{"href":"https:\/\/www.radiopresidenteibanez.cl\/web\/wp-json\/wp\/v2\/posts"}],"about":[{"href":"https:\/\/www.radiopresidenteibanez.cl\/web\/wp-json\/wp\/v2\/types\/post"}],"author":[{"embeddable":true,"href":"https:\/\/www.radiopresidenteibanez.cl\/web\/wp-json\/wp\/v2\/users\/2"}],"replies":[{"embeddable":true,"href":"https:\/\/www.radiopresidenteibanez.cl\/web\/wp-json\/wp\/v2\/comments?post=50592"}],"version-history":[{"count":0,"href":"https:\/\/www.radiopresidenteibanez.cl\/web\/wp-json\/wp\/v2\/posts\/50592\/revisions"}],"wp:featuredmedia":[{"embeddable":true,"href":"https:\/\/www.radiopresidenteibanez.cl\/web\/wp-json\/wp\/v2\/media\/50593"}],"wp:attachment":[{"href":"https:\/\/www.radiopresidenteibanez.cl\/web\/wp-json\/wp\/v2\/media?parent=50592"}],"wp:term":[{"taxonomy":"category","embeddable":true,"href":"https:\/\/www.radiopresidenteibanez.cl\/web\/wp-json\/wp\/v2\/categories?post=50592"},{"taxonomy":"post_tag","embeddable":true,"href":"https:\/\/www.radiopresidenteibanez.cl\/web\/wp-json\/wp\/v2\/tags?post=50592"}],"curies":[{"name":"wp","href":"https:\/\/api.w.org\/{rel}","templated":true}]}}