{"id":50589,"date":"2024-08-14T16:37:00","date_gmt":"2024-08-14T19:37:00","guid":{"rendered":"https:\/\/www.radiopresidenteibanez.cl\/web\/?p=50589"},"modified":"2024-08-14T11:41:14","modified_gmt":"2024-08-14T14:41:14","slug":"jefas-de-hogar-potencias-sus-conocimientos-en-fitoterapia-y-preparados-herbales","status":"publish","type":"post","link":"https:\/\/www.radiopresidenteibanez.cl\/web\/jefas-de-hogar-potencias-sus-conocimientos-en-fitoterapia-y-preparados-herbales\/","title":{"rendered":"JEFAS DE HOGAR POTENCIAS SUS CONOCIMIENTOS EN FITOTERAPIA Y PREPARADOS HERBALES"},"content":{"rendered":"\n<p>El Programa Mujeres Jefas de Hogar del Servicio Nacional de la Mujer y la Equidad de<br>G\u00e9nero (SernamEG), celebr\u00f3 este lunes la exitosa culminaci\u00f3n del Taller de Fitoterapia y<br>Preparados Herbales, en una ceremonia de certificaci\u00f3n realizada en la Delegaci\u00f3n<br>Presidencial Regional de Magallanes. Esta actividad cont\u00f3 con la presencia de la SEREMI<br>de la Mujer y la Equidad de G\u00e9nero, Alejandra Ruiz Ovando, y de la Directora Regional de<br>SernamEG Magallanes, Pamela Leiva Burgos.<br>El taller forma parte de las acciones permanentes del Programa Mujeres Jefas de Hogar,<br>cuyo objetivo es fortalecer la autonom\u00eda econ\u00f3mica de las mujeres mediante la<br>capacitaci\u00f3n en diversas habilidades que mejoran su inserci\u00f3n y permanencia en el<br>mercado laboral. Diez mujeres fueron certificadas al finalizar este curso, donde<br>adquirieron conocimientos te\u00f3ricos y pr\u00e1cticos en la elaboraci\u00f3n de productos naturales y<br>medicinales, marcando un avance importante en su camino hacia el emprendimiento y la<br>independencia econ\u00f3mica.<br>Carolina Vera Clemens, una de las certificadas, expres\u00f3 su gratitud: \u00abMe alegro mucho<br>porque siempre me ha gustado este tema. Aprend\u00ed varios tips m\u00e1s con la profe y junto a<br>mis compa\u00f1eras hicimos diferentes preparados como macerados y champ\u00fa. Estoy muy<br>agradecida de esta oportunidad porque no solo sirve para m\u00ed, sino tambi\u00e9n para mi<br>familia.\u00bb<br>As\u00ed tambi\u00e9n lo indic\u00f3 Nicole Fa\u00fandez Aguilera, otra de las participantes: \u00abMi experiencia<br>fue muy enriquecedora. Me dieron las herramientas necesarias para emprender y lograr<br>independizarme en un nuevo camino con productos naturales. \u00a1Me encant\u00f3! Y me<br>gustar\u00eda que se abrieran m\u00e1s oportunidades como esta.\u00bb<br>La SEREMI de la Mujer y la Equidad de G\u00e9nero, Alejandra Ruiz Ovando, destac\u00f3 la<br>relevancia de estas iniciativas en el contexto de las pol\u00edticas del Ministerio: \u201cLa<br>certificaci\u00f3n de estas mujeres refleja nuestro compromiso con la autonom\u00eda econ\u00f3mica,<br>un eje central de nuestras pol\u00edticas p\u00fablicas. Continuaremos impulsando capacitaciones<br>que permitan a las mujeres adquirir herramientas para su desarrollo personal y laboral.\u201d<br>Por su parte, la Directora Regional de SernamEG, Pamela Leiva Burgos, subray\u00f3 el \u00e9xito<br>en la ejecuci\u00f3n del programa: \u201cEl Mujeres Jefas de Hogar es un programa emblem\u00e1tico<\/p>\n\n\n\n<p>del servicio, y ha sido fundamental para el desarrollo de tantas mujeres en nuestra regi\u00f3n.<br>Esta certificaci\u00f3n es un ejemplo m\u00e1s del impacto positivo que estamos generando al<br>proporcionar herramientas concretas para mejorar la empleabilidad y promover la<br>inserci\u00f3n laboral femenina\u201d.<br>Talleres como este que se suman a otros que se imparten a las m\u00e1s de 160 mujeres que<br>este a\u00f1o participan, reafirma el papel del Programa Mujeres Jefas de Hogar como un pilar<br>en la promoci\u00f3n de la autonom\u00eda econ\u00f3mica de las mujeres, contribuyendo a su desarrollo<br>integral y sostenibilidad en el \u00e1mbito laboral.<\/p>\n","protected":false},"excerpt":{"rendered":"<p>El Programa Mujeres Jefas de Hogar del Servicio Nacional de la Mujer y la Equidad deG\u00e9nero (SernamEG), celebr\u00f3 este lunes la exitosa culminaci\u00f3n del Taller de Fitoterapia yPreparados Herbales, en&#8230; <a class=\"read-more\" href=\"https:\/\/www.radiopresidenteibanez.cl\/web\/jefas-de-hogar-potencias-sus-conocimientos-en-fitoterapia-y-preparados-herbales\/\">Leer m\u00e1s<\/a><\/p>\n","protected":false},"author":2,"featured_media":50590,"comment_status":"closed","ping_status":"closed","sticky":false,"template":"","format":"standard","meta":{"footnotes":""},"categories":[1],"tags":[],"class_list":["post-50589","post","type-post","status-publish","format-standard","has-post-thumbnail","hentry","category-cronica"],"_links":{"self":[{"href":"https:\/\/www.radiopresidenteibanez.cl\/web\/wp-json\/wp\/v2\/posts\/50589","targetHints":{"allow":["GET"]}}],"collection":[{"href":"https:\/\/www.radiopresidenteibanez.cl\/web\/wp-json\/wp\/v2\/posts"}],"about":[{"href":"https:\/\/www.radiopresidenteibanez.cl\/web\/wp-json\/wp\/v2\/types\/post"}],"author":[{"embeddable":true,"href":"https:\/\/www.radiopresidenteibanez.cl\/web\/wp-json\/wp\/v2\/users\/2"}],"replies":[{"embeddable":true,"href":"https:\/\/www.radiopresidenteibanez.cl\/web\/wp-json\/wp\/v2\/comments?post=50589"}],"version-history":[{"count":0,"href":"https:\/\/www.radiopresidenteibanez.cl\/web\/wp-json\/wp\/v2\/posts\/50589\/revisions"}],"wp:featuredmedia":[{"embeddable":true,"href":"https:\/\/www.radiopresidenteibanez.cl\/web\/wp-json\/wp\/v2\/media\/50590"}],"wp:attachment":[{"href":"https:\/\/www.radiopresidenteibanez.cl\/web\/wp-json\/wp\/v2\/media?parent=50589"}],"wp:term":[{"taxonomy":"category","embeddable":true,"href":"https:\/\/www.radiopresidenteibanez.cl\/web\/wp-json\/wp\/v2\/categories?post=50589"},{"taxonomy":"post_tag","embeddable":true,"href":"https:\/\/www.radiopresidenteibanez.cl\/web\/wp-json\/wp\/v2\/tags?post=50589"}],"curies":[{"name":"wp","href":"https:\/\/api.w.org\/{rel}","templated":true}]}}