{"id":50586,"date":"2024-08-14T15:13:00","date_gmt":"2024-08-14T18:13:00","guid":{"rendered":"https:\/\/www.radiopresidenteibanez.cl\/web\/?p=50586"},"modified":"2024-08-14T11:36:21","modified_gmt":"2024-08-14T14:36:21","slug":"mas-de-70-magallanicos-certificaron-sus-competencias-laborales-con-chilevalora","status":"publish","type":"post","link":"https:\/\/www.radiopresidenteibanez.cl\/web\/mas-de-70-magallanicos-certificaron-sus-competencias-laborales-con-chilevalora\/","title":{"rendered":"MAS DE 70 MAGALLANICOS CERTIFICARON SUS COMPETENCIAS LABORALES CON CHILEVALORA"},"content":{"rendered":"\n<p>En el gimnasio del Liceo Industrial de Punta Arenas, se llev\u00f3<br>a cabo una masiva ceremonia de entrega de certificados por parte de Chilevalora, en donde un<br>total de 74 magall\u00e1nicos y magall\u00e1nicas concluyeron con \u00e9xito sus procesos de certificaci\u00f3n de<br>competencias laborales como cajeros\/as, soldadores\/as e instaladores\/as de sistemas solares<br>fotovoltaicos.<br>El proceso fue desarrollado a trav\u00e9s de la coordinaci\u00f3n entre Chilevalora, el Servicio de<br>Capacitaci\u00f3n y Empleo (Sence) y el Centro de Evaluaci\u00f3n y Certificaci\u00f3n de Competencias<br>Laborales Ecerlab, en conjunto con las empresas Asmar Magallanes, Celectric Chile, Central de<br>Carnes, Supermercado Rofil y el Liceo Industrial Bicentenario, a las cuales pertenecen los<br>estudiantes y trabajadores certificados.<br>\u201cJunto a Sence y a Chilevalora, hemos sido parte de esta cadena virtuosa de voluntades que hoy<br>nos permite saludar y felicitar a j\u00f3venes, trabajadores y trabajadoras, quienes han logrado esta<br>certificaci\u00f3n que reconoce sus saberes, pero tambi\u00e9n les pone en una perspectiva de mejor<br>empleabilidad. Es el desaf\u00edo que tenemos como cartera, avanzar hacia el trabajo decente, hacia las<br>oportunidades que la regi\u00f3n de Magallanes tiene, con trabajadores y trabajadoras debidamente<br>validados en sus competencias\u201d, reflexion\u00f3 la Seremi del Trabajo, Doris Sandoval Miranda.<br>Durante la ceremonia se realiz\u00f3 la certificaci\u00f3n de tres perfiles diferentes. Un total de 20 personas<br>se certificaron como cajeros\/as; 37 como soldadores\/as y 18 como instaladores\/as de sistemas<br>solares fotovoltaicos.<br>Entre ellos y ellas, Juan Villarroel, trabajador de la empresa Celectric Chile, valor\u00f3 esta<br>oportunidad otorgada por su empresa y Chilevalora, invitando a m\u00e1s personas a sumarse a la<br>certificaci\u00f3n de competencias.<br>\u201cPara m\u00ed y tambi\u00e9n para mis compa\u00f1eros fue un gusto haber podido lograr esto, porque as\u00ed<br>quedan demostradas nuestras habilidades en lo que son los sistemas fotovoltaicos que se est\u00e1n<br>empleando harto hoy en d\u00eda en la construcci\u00f3n y otras \u00e1reas. A m\u00ed me cost\u00f3 empezar en este<br>rubro, reci\u00e9n hace 10 a\u00f1os pude certificarme como el\u00e9ctrico y ahora es un gusto poder tener mi<br>cart\u00f3n como instalador de paneles fotovoltaicos. Creo que es una verdadera ayuda, invito a la<br>tente a que acceda a esto y que aprovechen todas las oportunidades que se est\u00e1n dando\u201d,<br>destac\u00f3.<\/p>\n\n\n\n<p>El per\u00edodo de evaluaci\u00f3n se llev\u00f3 a cabo entre los meses de febrero y mayo de este a\u00f1o logrando<br>pasar exitosamente las evaluaciones un total de 22 mujeres y 52 hombres en los perfiles<br>evaluados.<br>Al respecto, la coordinadora regional de Chilevalora, Marilyn C\u00e1rdenas, inform\u00f3 que \u201cen esta<br>ceremonia de certificaci\u00f3n se ha reconocido a los perfiles de cajeros de dos supermercados de<br>Zona Franca. Tambi\u00e9n se reconoci\u00f3 a soldadores de Asmar Magallanes, tambi\u00e9n a instaladores<br>fotovoltaicos de empresas magall\u00e1nicas y tambi\u00e9n a las y los estudiantes de Cuarto Medio del<br>Liceo Industrial como soldadores. Un reconocimiento muy importante sobre todo a las estudiantes<br>que se certificaron como soldadoras y tambi\u00e9n a nuestra primera mujer soldadora fotovoltaica en<br>Magallanes. Agradecer la colaboraci\u00f3n de Sence Magallanes junto a las empresas regionales que<br>nos permiti\u00f3 esta hermosa y masiva certificaci\u00f3n en nuestra regi\u00f3n\u201d.<br>La ceremonia cont\u00f3 con la presencia del gobernador regional, Jorge Flies; y parte del gabinete<br>regional, entre ellos\/as: el Seremi de Gobierno, Andro Mimica; la Seremi de Econom\u00eda, Marlene<br>Espa\u00f1a; el Seremi de Hacienda, \u00c1lvaro Vargas; la Seremi de la Mujer, Alejandra Ovando; el seremi<br>de Energ\u00eda, Sergio Cuiti\u00f1o; y la directora regional (s) de Sence, Doris Manquian.<\/p>\n","protected":false},"excerpt":{"rendered":"<p>En el gimnasio del Liceo Industrial de Punta Arenas, se llev\u00f3a cabo una masiva ceremonia de entrega de certificados por parte de Chilevalora, en donde untotal de 74 magall\u00e1nicos y&#8230; <a class=\"read-more\" href=\"https:\/\/www.radiopresidenteibanez.cl\/web\/mas-de-70-magallanicos-certificaron-sus-competencias-laborales-con-chilevalora\/\">Leer m\u00e1s<\/a><\/p>\n","protected":false},"author":2,"featured_media":50587,"comment_status":"closed","ping_status":"closed","sticky":false,"template":"","format":"standard","meta":{"footnotes":""},"categories":[1],"tags":[],"class_list":["post-50586","post","type-post","status-publish","format-standard","has-post-thumbnail","hentry","category-cronica"],"_links":{"self":[{"href":"https:\/\/www.radiopresidenteibanez.cl\/web\/wp-json\/wp\/v2\/posts\/50586","targetHints":{"allow":["GET"]}}],"collection":[{"href":"https:\/\/www.radiopresidenteibanez.cl\/web\/wp-json\/wp\/v2\/posts"}],"about":[{"href":"https:\/\/www.radiopresidenteibanez.cl\/web\/wp-json\/wp\/v2\/types\/post"}],"author":[{"embeddable":true,"href":"https:\/\/www.radiopresidenteibanez.cl\/web\/wp-json\/wp\/v2\/users\/2"}],"replies":[{"embeddable":true,"href":"https:\/\/www.radiopresidenteibanez.cl\/web\/wp-json\/wp\/v2\/comments?post=50586"}],"version-history":[{"count":0,"href":"https:\/\/www.radiopresidenteibanez.cl\/web\/wp-json\/wp\/v2\/posts\/50586\/revisions"}],"wp:featuredmedia":[{"embeddable":true,"href":"https:\/\/www.radiopresidenteibanez.cl\/web\/wp-json\/wp\/v2\/media\/50587"}],"wp:attachment":[{"href":"https:\/\/www.radiopresidenteibanez.cl\/web\/wp-json\/wp\/v2\/media?parent=50586"}],"wp:term":[{"taxonomy":"category","embeddable":true,"href":"https:\/\/www.radiopresidenteibanez.cl\/web\/wp-json\/wp\/v2\/categories?post=50586"},{"taxonomy":"post_tag","embeddable":true,"href":"https:\/\/www.radiopresidenteibanez.cl\/web\/wp-json\/wp\/v2\/tags?post=50586"}],"curies":[{"name":"wp","href":"https:\/\/api.w.org\/{rel}","templated":true}]}}