{"id":50583,"date":"2024-08-14T13:55:00","date_gmt":"2024-08-14T16:55:00","guid":{"rendered":"https:\/\/www.radiopresidenteibanez.cl\/web\/?p=50583"},"modified":"2024-08-14T11:31:15","modified_gmt":"2024-08-14T14:31:15","slug":"dan-inicio-a-tercera-version-del-proyecto-dirigido-a-jovenes-estudiantes-para-difundir-y-prevenir-los-accidentes-cerebro-vasculares","status":"publish","type":"post","link":"https:\/\/www.radiopresidenteibanez.cl\/web\/dan-inicio-a-tercera-version-del-proyecto-dirigido-a-jovenes-estudiantes-para-difundir-y-prevenir-los-accidentes-cerebro-vasculares\/","title":{"rendered":"DAN INICIO A TERCERA VERSION DEL PROYECTO DIRIGIDO A JOVENES ESTUDIANTES PARA DIFUNDIR Y PREVENIR LOS ACCIDENTES CEREBRO VASCULARES"},"content":{"rendered":"\n<p>En el Instituto Sagrada Familia, esta ma\u00f1ana se dio inicio a la 3ra Versi\u00f3n del Proyecto<br>\u201cAct\u00edvate, Cu\u00eddate y Vive, sin ACV, Promoci\u00f3n de la Salud\u201d, iniciativa intersectorial que<br>lidera la Seremi Salud Magallanes en conjunto con el Servicio de Salud, Hospital Cl\u00ednico<br>a trav\u00e9s de su Unidad de Neurolog\u00eda y la Universidad de Magallanes con sus carreras de<br>la salud y de educaci\u00f3n.<br>A su vez , este a\u00f1o se suma APS Punta Arenas como responsable directo de uno de los<br>m\u00f3dulos que se impartir\u00e1n en este Proyecto.<br>Este proyecto intersectorial tiene como objetivo entregar conocimientos de los ACV, los<br>factores de riesgo presentes en la sociedad, reconocer los s\u00edntomas de estos accidentes y<br>generar conciencia sobre el autocuidado.<br>Durante el lanzamiento se cont\u00f3 con la presencia de la Seremi de Salud, Francisca<br>Sanfuentes, la Directora del Servicio de Salud, Ver\u00f3nica Ya\u00f1ez, el Director del Hospital<br>Cl\u00ednico, Ricardo Contreras, en representaci\u00f3n de la Universidad de Magallanes, el jefe de<br>la carrera de medicina, Dr. Mario Mayanz, el referente de salud mental de APS, Jos\u00e9 Luis<br>Ramirez, directivos y docentes de educaci\u00f3n.<br>La Directora Pedag\u00f3gica de Insafa, , Edith M\u00e1rquez, dio las palabras de bienvenida a los presentes,<br>agradeciendo el haber sido considerado como establecimiento este a\u00f1o a trav\u00e9s de la<br>participaci\u00f3n de las alumnas de tercero a\u00f1o medio. \u201cPara nosotros resulta muy interesante, ya que<br>por una parte somos un colegio t\u00e9cnico profesional, en donde las tres carreras que nosotros<br>trabajamos consideran atenci\u00f3n de p\u00fablico, ya sea con ni\u00f1os o con personas adultas. As\u00ed que el<br>reconocer esta enfermedad, sus s\u00edntomas y saber lo que hay que hacer en caso de un accidente, es<br>un plus que nos da tambi\u00e9n a la formaci\u00f3n de nuestras profesionales que van a salir al campo<br>laboral\u201d.<br>En tanto, la Seremi de Salud, Francisca Sanfuentes, explic\u00f3, \u201cEstamos muy contentos<br>d\u00e1ndole el vamos y la partida a la tercera versi\u00f3n de este programa que se desarrolla con<br>cuatro liceos de la comuna. Este programa, que ha sido muy exitoso en su versi\u00f3n de los<br>dos a\u00f1os anteriores, lo que busca es informar, dar a conocer a los estudiantes de estos<br>liceos y a la comunidad educativa en general todo lo que significan los factores<br>protectores o factores de riesgo para evitar en el fondo el enfermar de patolog\u00edas<br>cardiovasculares y en particular de accidentes cardiovasculares\u201d.<br>La Directora del Servicio de Salud, Ver\u00f3nica Ya\u00f1ez, sostuvo que \u201ces muy importante que<br>todos los j\u00f3venes conozcan acerca de los accidentes cerebrovasculares y de las<br>enfermedades del sistema circulatorio, que representan una de las principales causas de<br>morbilidad y muerte en nuestro pa\u00eds. Queremos que los j\u00f3venes sean los voceros de esta<br>estrategia, que puedan compartir los s\u00edntomas y los factores de riesgo que se pueden<\/p>\n\n\n\n<p>reconocer en la poblaci\u00f3n magall\u00e1nica para que tambi\u00e9n hagan la difusi\u00f3n con sus pares<br>y con la poblaci\u00f3n en general, y nos ayuden precisamente al reconocimiento oportuno de<br>estos s\u00edntomas de ACV \u201c<br>El coordinador principal de este proyecto, doctor Javier Gaete, neur\u00f3logo del Hospital<br>Cl\u00ednico, mencion\u00f3 que el programa educativo est\u00e1 dirigido a estudiantes de tercero medio<br>de liceos de Punta Arenas, en los cuales \u201cse van a realizar talleres, donde van a aprender,<br>por una parte, los s\u00edntomas de la enfermedad, que son muy importante de reconocer para<br>poder actuar a tiempo, y acerca de los diez factores potencialmente modificables que<br>pueden evitar la aparici\u00f3n de la enfermedad. Esto es muy relevante porque estos factores<br>se pueden intervenir, algunos de ellos tienen que ver con h\u00e1bitos y estilos de vida, que<br>van adquiriendo a temprana edad\u201d.<br>Acot\u00f3 que \u201cesos factores tienen que ver con la alimentaci\u00f3n no saludable, la inactividad<br>f\u00edsica, el problema de peso y obesidad, el consumo de cigarrillos, consumo de residuos de<br>alcohol, todos ellos que son directamente relacionados con gente joven. Nosotros ac\u00e1 en<br>Magallanes vemos cada a\u00f1o entre 250 y 280 personas que sufren alg\u00fan tipo de accidente<br>cerebrovascular\u201d.<br>En esta 3ra versi\u00f3n participar\u00e1n los estudiantes del Liceo Sara Braun, Liceo Bicentenario,<br>Liceo Experimental e INSAFA. La modalidad es a trav\u00e9s de la realizaci\u00f3n de talleres que<br>ser\u00e1n impartidos durante los meses de agosto, septiembre y octubre.<br>Los talleres estar\u00e1n a cargo por alumnos y docentes de diversas carreras de la<br>Universidad de Magallanes: Medicina, Enfermer\u00eda, Nutrici\u00f3n y diet\u00e9tica, Kinesiolog\u00eda,<br>Fonaudiolog\u00eda, Terapia Ocupacional y Educaci\u00f3n F\u00edsica. El m\u00f3dulo de Salud Mental<br>estar\u00e1 a cargo de profesionales de APS Punta Arenas.<br>Al respecto, el jefe de carrera de medicina de la Umag, Dr. Mario Mayanz, expres\u00f3 que<br>\u201cnosotros como Universidad Magallanes y como carreras de la salud, participamos muy<br>activamente y con mucho entusiasmo en todas estas actividades, especialmente en este<br>proyecto que est\u00e1 liderando el doctor Javier Gaete, y que est\u00e1 en el centro de la<br>prevenci\u00f3n del accidente cerebrovascular que produce tan importante secuelas cuando no<br>se trata a tiempo\u201d.<br>Las alumnas Mariana Canales, de la especialidad de p\u00e1rvulo y Catalina Garc\u00eda, de la especialidad<br>administraci\u00f3n , valoraron ser parte este proyecto como una oportunidad de aprendizaje que les<br>servir\u00e1 en su vida laboral y personal.<\/p>\n","protected":false},"excerpt":{"rendered":"<p>En el Instituto Sagrada Familia, esta ma\u00f1ana se dio inicio a la 3ra Versi\u00f3n del Proyecto\u201cAct\u00edvate, Cu\u00eddate y Vive, sin ACV, Promoci\u00f3n de la Salud\u201d, iniciativa intersectorial quelidera la Seremi&#8230; <a class=\"read-more\" href=\"https:\/\/www.radiopresidenteibanez.cl\/web\/dan-inicio-a-tercera-version-del-proyecto-dirigido-a-jovenes-estudiantes-para-difundir-y-prevenir-los-accidentes-cerebro-vasculares\/\">Leer m\u00e1s<\/a><\/p>\n","protected":false},"author":2,"featured_media":50584,"comment_status":"closed","ping_status":"closed","sticky":false,"template":"","format":"standard","meta":{"footnotes":""},"categories":[1],"tags":[],"class_list":["post-50583","post","type-post","status-publish","format-standard","has-post-thumbnail","hentry","category-cronica"],"_links":{"self":[{"href":"https:\/\/www.radiopresidenteibanez.cl\/web\/wp-json\/wp\/v2\/posts\/50583","targetHints":{"allow":["GET"]}}],"collection":[{"href":"https:\/\/www.radiopresidenteibanez.cl\/web\/wp-json\/wp\/v2\/posts"}],"about":[{"href":"https:\/\/www.radiopresidenteibanez.cl\/web\/wp-json\/wp\/v2\/types\/post"}],"author":[{"embeddable":true,"href":"https:\/\/www.radiopresidenteibanez.cl\/web\/wp-json\/wp\/v2\/users\/2"}],"replies":[{"embeddable":true,"href":"https:\/\/www.radiopresidenteibanez.cl\/web\/wp-json\/wp\/v2\/comments?post=50583"}],"version-history":[{"count":0,"href":"https:\/\/www.radiopresidenteibanez.cl\/web\/wp-json\/wp\/v2\/posts\/50583\/revisions"}],"wp:featuredmedia":[{"embeddable":true,"href":"https:\/\/www.radiopresidenteibanez.cl\/web\/wp-json\/wp\/v2\/media\/50584"}],"wp:attachment":[{"href":"https:\/\/www.radiopresidenteibanez.cl\/web\/wp-json\/wp\/v2\/media?parent=50583"}],"wp:term":[{"taxonomy":"category","embeddable":true,"href":"https:\/\/www.radiopresidenteibanez.cl\/web\/wp-json\/wp\/v2\/categories?post=50583"},{"taxonomy":"post_tag","embeddable":true,"href":"https:\/\/www.radiopresidenteibanez.cl\/web\/wp-json\/wp\/v2\/tags?post=50583"}],"curies":[{"name":"wp","href":"https:\/\/api.w.org\/{rel}","templated":true}]}}