{"id":50580,"date":"2024-08-14T12:39:00","date_gmt":"2024-08-14T15:39:00","guid":{"rendered":"https:\/\/www.radiopresidenteibanez.cl\/web\/?p=50580"},"modified":"2024-08-14T11:25:46","modified_gmt":"2024-08-14T14:25:46","slug":"natalinos-tuvieron-una-celebracion-reflexiva-en-el-dia-del-campesino-y-campesina","status":"publish","type":"post","link":"https:\/\/www.radiopresidenteibanez.cl\/web\/natalinos-tuvieron-una-celebracion-reflexiva-en-el-dia-del-campesino-y-campesina\/","title":{"rendered":"NATALINOS TUVIERON UNA CELEBRACION REFLEXIVA EN EL DIA DEL CAMPESINO Y CAMPESINA"},"content":{"rendered":"\n<p>En una jornada llena de reflexi\u00f3n y celebraci\u00f3n, los natalinos conmemoraron el D\u00eda del Campesino y Campesina. El evento cont\u00f3 con la presencia del delegado de la provincia de \u00daltima Esperanza, Guillermo Ruiz; la alcaldesa Antonieta Oyarzo; el consejero regional Patricio Gam\u00edn; y el director regional de INDAP, Gabriel Zegers, quienes destacaron el rol crucial de la agricultura en la soberan\u00eda alimentaria.<\/p>\n\n\n\n<p>La celebraci\u00f3n incluy\u00f3 rifas, actos musicales, y la presentaci\u00f3n de un video que explic\u00f3 en parte los fondos por m\u00e1s de tres mil millones de pesos que aportar\u00e1 el Gobierno Regional para mejorar la infraestructura agr\u00edcola y las competencias para enfrentar con \u00e9xito el cambio clim\u00e1tico.<\/p>\n\n\n\n<p>En ese contexto el director regional de INDAP, Gabriel Zegers, expuso sobre el convenio aprobado por los consejeros regionales.<\/p>\n\n\n\n<p>\u201cEsta inversi\u00f3n hist\u00f3rica busca impulsar el desarrollo agr\u00edcola en la regi\u00f3n, mejorando la productividad y la sostenibilidad de los sistemas de producci\u00f3n, y apoyando a los peque\u00f1os y medianos agricultores en su adaptaci\u00f3n a los efectos del cambio clim\u00e1tico\u201d, expres\u00f3 Zegers.<\/p>\n\n\n\n<p>El convenio incluye medidas para mejorar la infraestructura de riego, almacenamiento y comercializaci\u00f3n, as\u00ed como programas de capacitaci\u00f3n y asistencia t\u00e9cnica para los campesinos. Con esta iniciativa, INDAP busca contribuir al crecimiento econ\u00f3mico y social de la regi\u00f3n y fortalecer la resiliencia de los sistemas agr\u00edcolas frente a los desaf\u00edos clim\u00e1ticos.<\/p>\n\n\n\n<p>La actividad, organizada por los propios agricultores y apoyada por la Agencia de \u00c1rea de Puerto Natales de INDAP, reuni\u00f3 a cerca de 50 campesinos.<\/p>\n\n\n\n<p>Tambi\u00e9n participaron en el evento el delegado de la provincia de \u00daltima Esperanza, Guillermo Ruiz, y la alcaldesa Antonieta Oyarzo, quienes recordaron la reforma agraria y subrayaron la importancia del trabajo de los agricultores y los beneficios de los fondos del Gobierno Regional. \u201cMe toc\u00f3, como consejera, apoyar el primer convenio realizado entre INDAP y el Gobierno Regional, y ahora, desde la alcald\u00eda, hemos trabajado y apoyado el agro. Ellos cumplen un rol fundamental\u201d, expres\u00f3 Oyarzo.<\/p>\n\n\n\n<p>Por su parte, el consejero regional Patricio Gam\u00edn destac\u00f3 el trabajo que realizan los j\u00f3venes en el \u00e1mbito agr\u00edcola. Y los dirigentes campesinos expresaron su satisfacci\u00f3n y agradecimiento por esta importante inversi\u00f3n, que consideran un impulso significativo para el desarrollo agr\u00edcola en la regi\u00f3n.<\/p>\n","protected":false},"excerpt":{"rendered":"<p>En una jornada llena de reflexi\u00f3n y celebraci\u00f3n, los natalinos conmemoraron el D\u00eda del Campesino y Campesina. El evento cont\u00f3 con la presencia del delegado de la provincia de \u00daltima&#8230; <a class=\"read-more\" href=\"https:\/\/www.radiopresidenteibanez.cl\/web\/natalinos-tuvieron-una-celebracion-reflexiva-en-el-dia-del-campesino-y-campesina\/\">Leer m\u00e1s<\/a><\/p>\n","protected":false},"author":2,"featured_media":50581,"comment_status":"closed","ping_status":"closed","sticky":false,"template":"","format":"standard","meta":{"footnotes":""},"categories":[1],"tags":[],"class_list":["post-50580","post","type-post","status-publish","format-standard","has-post-thumbnail","hentry","category-cronica"],"_links":{"self":[{"href":"https:\/\/www.radiopresidenteibanez.cl\/web\/wp-json\/wp\/v2\/posts\/50580","targetHints":{"allow":["GET"]}}],"collection":[{"href":"https:\/\/www.radiopresidenteibanez.cl\/web\/wp-json\/wp\/v2\/posts"}],"about":[{"href":"https:\/\/www.radiopresidenteibanez.cl\/web\/wp-json\/wp\/v2\/types\/post"}],"author":[{"embeddable":true,"href":"https:\/\/www.radiopresidenteibanez.cl\/web\/wp-json\/wp\/v2\/users\/2"}],"replies":[{"embeddable":true,"href":"https:\/\/www.radiopresidenteibanez.cl\/web\/wp-json\/wp\/v2\/comments?post=50580"}],"version-history":[{"count":0,"href":"https:\/\/www.radiopresidenteibanez.cl\/web\/wp-json\/wp\/v2\/posts\/50580\/revisions"}],"wp:featuredmedia":[{"embeddable":true,"href":"https:\/\/www.radiopresidenteibanez.cl\/web\/wp-json\/wp\/v2\/media\/50581"}],"wp:attachment":[{"href":"https:\/\/www.radiopresidenteibanez.cl\/web\/wp-json\/wp\/v2\/media?parent=50580"}],"wp:term":[{"taxonomy":"category","embeddable":true,"href":"https:\/\/www.radiopresidenteibanez.cl\/web\/wp-json\/wp\/v2\/categories?post=50580"},{"taxonomy":"post_tag","embeddable":true,"href":"https:\/\/www.radiopresidenteibanez.cl\/web\/wp-json\/wp\/v2\/tags?post=50580"}],"curies":[{"name":"wp","href":"https:\/\/api.w.org\/{rel}","templated":true}]}}