{"id":50577,"date":"2024-08-14T11:51:00","date_gmt":"2024-08-14T14:51:00","guid":{"rendered":"https:\/\/www.radiopresidenteibanez.cl\/web\/?p=50577"},"modified":"2024-08-14T11:21:38","modified_gmt":"2024-08-14T14:21:38","slug":"as-de-oros-se-presenta-en-el-dia-del-rock-chileno-en-puerto-natales","status":"publish","type":"post","link":"https:\/\/www.radiopresidenteibanez.cl\/web\/as-de-oros-se-presenta-en-el-dia-del-rock-chileno-en-puerto-natales\/","title":{"rendered":"AS DE OROS SE PRESENTA EN EL DIA DEL ROCK CHILENO EN PUERTO NATALES"},"content":{"rendered":"\n<p>Con gran entusiasmo, el d\u00fao magall\u00e1nico&nbsp;<strong>As de Oros<\/strong>&nbsp;se presentar\u00e1 este viernes 16 de agosto en el&nbsp;<strong>Gimnasio Jos\u00e9 Miguel Carrera<\/strong>, en el marco de la celebraci\u00f3n del D\u00eda del Rock Chileno. La banda, con m\u00e1s de una d\u00e9cada de trayectoria, ofrecer\u00e1 un espect\u00e1culo \u00fanico con la participaci\u00f3n de m\u00fasicos invitados.<\/p>\n\n\n\n<p>En esta ocasi\u00f3n,&nbsp;<strong>Alexi Montes<\/strong>&nbsp;asumir\u00e1 el rol de guitarrista, interpretando tanto los nuevos temas como los cl\u00e1sicos de la banda. Por su parte,&nbsp;<strong>Italo Freire<\/strong>&nbsp;se unir\u00e1 como bajista, aportando su talento y energ\u00eda al conjunto.<\/p>\n\n\n\n<p>Con un setlist cargado de rock, As de Oros espera conquistar a los natalinos, su p\u00fablico preferido. Entre los temas destacados se encuentran \u201cSue\u00f1os Conscientes\u201d, \u201cPasto Tierno\u201d y \u201cLa Distancia\u201d, prometiendo ser el plato fuerte de esta jornada dedicada al rock nacional.<\/p>\n\n\n\n<p>El evento dar\u00e1 inicio a las 19:00 horas y contar\u00e1 con la participaci\u00f3n de bandas locales de Puerto Natales como&nbsp;<strong>La M\u00f3rbida<\/strong>,&nbsp;<strong>Blusanvino<\/strong>,&nbsp;<strong>Boreaz<\/strong>,&nbsp;<strong>Retrovoltaje<\/strong>&nbsp;y&nbsp;<strong>\u00c1ngel Carmens\u00ed<\/strong>.<\/p>\n\n\n\n<p>As de Oros invita a toda la comunidad a ser parte de este evento hist\u00f3rico para la provincia de \u00daltima Esperanza. Adem\u00e1s, la banda aprovechar\u00e1 la ocasi\u00f3n para presentar y vender su \u00faltima producci\u00f3n: un vinilo conmemorativo de sus 10 a\u00f1os de m\u00fasica.<\/p>\n","protected":false},"excerpt":{"rendered":"<p>Con gran entusiasmo, el d\u00fao magall\u00e1nico&nbsp;As de Oros&nbsp;se presentar\u00e1 este viernes 16 de agosto en el&nbsp;Gimnasio Jos\u00e9 Miguel Carrera, en el marco de la celebraci\u00f3n del D\u00eda del Rock Chileno&#8230;. <a class=\"read-more\" href=\"https:\/\/www.radiopresidenteibanez.cl\/web\/as-de-oros-se-presenta-en-el-dia-del-rock-chileno-en-puerto-natales\/\">Leer m\u00e1s<\/a><\/p>\n","protected":false},"author":2,"featured_media":50578,"comment_status":"closed","ping_status":"closed","sticky":false,"template":"","format":"standard","meta":{"footnotes":""},"categories":[1],"tags":[],"class_list":["post-50577","post","type-post","status-publish","format-standard","has-post-thumbnail","hentry","category-cronica"],"_links":{"self":[{"href":"https:\/\/www.radiopresidenteibanez.cl\/web\/wp-json\/wp\/v2\/posts\/50577","targetHints":{"allow":["GET"]}}],"collection":[{"href":"https:\/\/www.radiopresidenteibanez.cl\/web\/wp-json\/wp\/v2\/posts"}],"about":[{"href":"https:\/\/www.radiopresidenteibanez.cl\/web\/wp-json\/wp\/v2\/types\/post"}],"author":[{"embeddable":true,"href":"https:\/\/www.radiopresidenteibanez.cl\/web\/wp-json\/wp\/v2\/users\/2"}],"replies":[{"embeddable":true,"href":"https:\/\/www.radiopresidenteibanez.cl\/web\/wp-json\/wp\/v2\/comments?post=50577"}],"version-history":[{"count":0,"href":"https:\/\/www.radiopresidenteibanez.cl\/web\/wp-json\/wp\/v2\/posts\/50577\/revisions"}],"wp:featuredmedia":[{"embeddable":true,"href":"https:\/\/www.radiopresidenteibanez.cl\/web\/wp-json\/wp\/v2\/media\/50578"}],"wp:attachment":[{"href":"https:\/\/www.radiopresidenteibanez.cl\/web\/wp-json\/wp\/v2\/media?parent=50577"}],"wp:term":[{"taxonomy":"category","embeddable":true,"href":"https:\/\/www.radiopresidenteibanez.cl\/web\/wp-json\/wp\/v2\/categories?post=50577"},{"taxonomy":"post_tag","embeddable":true,"href":"https:\/\/www.radiopresidenteibanez.cl\/web\/wp-json\/wp\/v2\/tags?post=50577"}],"curies":[{"name":"wp","href":"https:\/\/api.w.org\/{rel}","templated":true}]}}