{"id":50573,"date":"2024-08-14T10:37:00","date_gmt":"2024-08-14T13:37:00","guid":{"rendered":"https:\/\/www.radiopresidenteibanez.cl\/web\/?p=50573"},"modified":"2024-08-14T08:32:45","modified_gmt":"2024-08-14T11:32:45","slug":"te-amare-te-amare-si-estoy-muerto-te-amare-al-dia-siguiente-ademas-te-amare-te-amare-como-siento-canta-silvio-rodriguez","status":"publish","type":"post","link":"https:\/\/www.radiopresidenteibanez.cl\/web\/te-amare-te-amare-si-estoy-muerto-te-amare-al-dia-siguiente-ademas-te-amare-te-amare-como-siento-canta-silvio-rodriguez\/","title":{"rendered":"Te amar\u00e9 te amar\u00e9 si estoy muerto te amar\u00e9 al dia siguiente adem\u00e1s te amar\u00e9 te amar\u00e9 como siento..\u00bb canta Silvio Rodriguez"},"content":{"rendered":"\n<p>Este ha sido un tema muy consultado por estos d\u00edas, aqu\u00ed van nuevas argumentaciones.<br>La ley Karin ha sido motivo de muchas charlas y comentarios, sin embargo hay algunos de los elementos en la misma ley que no se tratan con la profundidad que debieran y nos parece importante poner all\u00ed los \u00e9nfasis, pues si no estamos alertas a aquello que nos puede afectar nos seguir\u00e1n pasando gatos por liebres.<br>Digamos en primer lugar que en todas las empresas donde hay obligaci\u00f3n de tener Reglamento Interno &#8211; empresas que ocupen regularmente 10 o m\u00e1s trabajadores &#8211; ser\u00e1 obligaci\u00f3n modificar dichos reglamentos para incorporar el protocolo del que habla la ley Karin. Realizado lo anterior se deben estudiar dichos reglamentos para determinar si corresponde o no hacer impugnaciones como lo establece la legislaci\u00f3n vigente.<br>No hay que olvidar que siempre los Reglamentos tienen algunas normas no correspondientes con la legislaci\u00f3n y se debe poner en conocimiento de esto a la Inspecci\u00f3n del trabajo respectiva, para que esta determine si hay que hacer correcciones o no.<\/p>\n\n\n\n<p>2.- Asimismo la ley Karin establece que en las empresas que no est\u00e1n obligadas a tener Reglamento Interno &#8211; todas aquellas que tienen hasta 9 trabajadores a sus servicio &#8211; tambi\u00e9n se deber\u00e1 confeccionar el protocolo, el que deber\u00e1 ser puesto en conocimiento de los trabajadores al momento de la suscripci\u00f3n del contrato de trabajo, aunque se deber\u00eda inferir que a quienes ya est\u00e1n contratados se les debe dar una copia de dicho protocolo .<br>El 75.5 % de las empresas en Chile son microempresas &#8211; seg\u00fan el art\u00edculo 505 bis del C\u00f3digo del Trabajo, las microempresas son aquellas que tienen contratados entre 1 y 9 trabajadores &#8211; lo que permite concluir que en el 75,5% de las empresa chilenas no existe Reglamento Interno.<br>Estas empresas ocupan a 2.774.193 trabajadores y ser\u00e1 importante que todos dispongan del protocolo que exige la ley Karin. Hay que exigirlo<\/p>\n","protected":false},"excerpt":{"rendered":"<p>Este ha sido un tema muy consultado por estos d\u00edas, aqu\u00ed van nuevas argumentaciones.La ley Karin ha sido motivo de muchas charlas y comentarios, sin embargo hay algunos de los&#8230; <a class=\"read-more\" href=\"https:\/\/www.radiopresidenteibanez.cl\/web\/te-amare-te-amare-si-estoy-muerto-te-amare-al-dia-siguiente-ademas-te-amare-te-amare-como-siento-canta-silvio-rodriguez\/\">Leer m\u00e1s<\/a><\/p>\n","protected":false},"author":2,"featured_media":50574,"comment_status":"closed","ping_status":"closed","sticky":false,"template":"","format":"standard","meta":{"footnotes":""},"categories":[1],"tags":[],"class_list":["post-50573","post","type-post","status-publish","format-standard","has-post-thumbnail","hentry","category-cronica"],"_links":{"self":[{"href":"https:\/\/www.radiopresidenteibanez.cl\/web\/wp-json\/wp\/v2\/posts\/50573","targetHints":{"allow":["GET"]}}],"collection":[{"href":"https:\/\/www.radiopresidenteibanez.cl\/web\/wp-json\/wp\/v2\/posts"}],"about":[{"href":"https:\/\/www.radiopresidenteibanez.cl\/web\/wp-json\/wp\/v2\/types\/post"}],"author":[{"embeddable":true,"href":"https:\/\/www.radiopresidenteibanez.cl\/web\/wp-json\/wp\/v2\/users\/2"}],"replies":[{"embeddable":true,"href":"https:\/\/www.radiopresidenteibanez.cl\/web\/wp-json\/wp\/v2\/comments?post=50573"}],"version-history":[{"count":0,"href":"https:\/\/www.radiopresidenteibanez.cl\/web\/wp-json\/wp\/v2\/posts\/50573\/revisions"}],"wp:featuredmedia":[{"embeddable":true,"href":"https:\/\/www.radiopresidenteibanez.cl\/web\/wp-json\/wp\/v2\/media\/50574"}],"wp:attachment":[{"href":"https:\/\/www.radiopresidenteibanez.cl\/web\/wp-json\/wp\/v2\/media?parent=50573"}],"wp:term":[{"taxonomy":"category","embeddable":true,"href":"https:\/\/www.radiopresidenteibanez.cl\/web\/wp-json\/wp\/v2\/categories?post=50573"},{"taxonomy":"post_tag","embeddable":true,"href":"https:\/\/www.radiopresidenteibanez.cl\/web\/wp-json\/wp\/v2\/tags?post=50573"}],"curies":[{"name":"wp","href":"https:\/\/api.w.org\/{rel}","templated":true}]}}