{"id":5057,"date":"2019-06-14T19:05:23","date_gmt":"2019-06-14T19:05:23","guid":{"rendered":"http:\/\/www.radiopresidenteibanez.cl\/web\/?p=5057"},"modified":"2019-06-14T19:05:57","modified_gmt":"2019-06-14T19:05:57","slug":"centros-de-estudiantes-de-colegios-municipales-se-capacitaron-en-ley-de-drogas-y-responsabilidad-penal-adolescente","status":"publish","type":"post","link":"https:\/\/www.radiopresidenteibanez.cl\/web\/centros-de-estudiantes-de-colegios-municipales-se-capacitaron-en-ley-de-drogas-y-responsabilidad-penal-adolescente\/","title":{"rendered":"CENTROS DE ESTUDIANTES DE COLEGIOS MUNICIPALES SE CAPACITARON EN LEY DE DROGAS Y RESPONSABILIDAD PENAL ADOLESCENTE"},"content":{"rendered":"\n<table class=\"wp-block-table\"><tbody><tr><td>\n  Representantes\n  de &nbsp;todos los centros de estudiantes de\n  los colegios municipales de Punta Arenas participaron hoy, de una charla,\n  efectuada por el Fiscal adjunto Manuel Soto Basauren y la Ayudante de Fiscal\n  Katerina Aranis Seguic donde se abord\u00f3 &nbsp;la &nbsp;Ley\n  de Responsabilidad Penal Adolescente (20.084) y la Ley de drogas (20.000). \n  La actividad es parte de un ciclo de charlas que &nbsp;se mantendr\u00e1 durante el a\u00f1o, organizada por\n  la Fiscal\u00eda Regional de Magallanes y de la Ant\u00e1rtica Chilena y la Corporaci\u00f3n\n  Municipal de Punta Arenas, cuya finalidad&nbsp;\n  es profundizar conocimientos y disipar dudas, &nbsp;entre los representantes de las \u00e1reas de Educaci\u00f3n,\n  &nbsp;Salud y atenci\u00f3n al Menor,&nbsp; en las diversas materias relacionadas con\n  aspectos generales del sistema actual de Justicia Penal en Chile;&nbsp; el Rol de la Fiscal\u00eda; la&nbsp; orientaci\u00f3n, protecci\u00f3n y apoyo a v\u00edctimas\n  y testigos de un hecho punible; y algunos tipos de delitos, entre ellos, violencia\n  intrafamiliar, delitos sexuales, responsabilidad penal adolescente, nueva ley\n  de maltrato relevante y Ley de Drogas.\n  <\/td><\/tr><\/tbody><\/table>\n\n\n\n<figure class=\"wp-block-image\"><img loading=\"lazy\" decoding=\"async\" width=\"1024\" height=\"683\" src=\"https:\/\/www.radiopresidenteibanez.cl\/web\/wp-content\/uploads\/2019\/06\/DSC_0019-1024x683.jpg\" alt=\"\" class=\"wp-image-5058\" srcset=\"https:\/\/www.radiopresidenteibanez.cl\/web\/wp-content\/uploads\/2019\/06\/DSC_0019-1024x683.jpg 1024w, https:\/\/www.radiopresidenteibanez.cl\/web\/wp-content\/uploads\/2019\/06\/DSC_0019-300x200.jpg 300w, https:\/\/www.radiopresidenteibanez.cl\/web\/wp-content\/uploads\/2019\/06\/DSC_0019-768x512.jpg 768w, https:\/\/www.radiopresidenteibanez.cl\/web\/wp-content\/uploads\/2019\/06\/DSC_0019.jpg 1349w\" sizes=\"auto, (max-width: 1024px) 100vw, 1024px\" \/><figcaption>????????????????????????????????????<\/figcaption><\/figure>\n","protected":false},"excerpt":{"rendered":"<p>Representantes de &nbsp;todos los centros de estudiantes de los colegios municipales de Punta Arenas participaron hoy, de una charla, efectuada por el Fiscal adjunto Manuel Soto Basauren y la Ayudante&#8230; <a class=\"read-more\" href=\"https:\/\/www.radiopresidenteibanez.cl\/web\/centros-de-estudiantes-de-colegios-municipales-se-capacitaron-en-ley-de-drogas-y-responsabilidad-penal-adolescente\/\">Leer m\u00e1s<\/a><\/p>\n","protected":false},"author":2,"featured_media":5058,"comment_status":"closed","ping_status":"closed","sticky":false,"template":"","format":"standard","meta":{"footnotes":""},"categories":[1],"tags":[],"class_list":["post-5057","post","type-post","status-publish","format-standard","has-post-thumbnail","hentry","category-cronica"],"_links":{"self":[{"href":"https:\/\/www.radiopresidenteibanez.cl\/web\/wp-json\/wp\/v2\/posts\/5057","targetHints":{"allow":["GET"]}}],"collection":[{"href":"https:\/\/www.radiopresidenteibanez.cl\/web\/wp-json\/wp\/v2\/posts"}],"about":[{"href":"https:\/\/www.radiopresidenteibanez.cl\/web\/wp-json\/wp\/v2\/types\/post"}],"author":[{"embeddable":true,"href":"https:\/\/www.radiopresidenteibanez.cl\/web\/wp-json\/wp\/v2\/users\/2"}],"replies":[{"embeddable":true,"href":"https:\/\/www.radiopresidenteibanez.cl\/web\/wp-json\/wp\/v2\/comments?post=5057"}],"version-history":[{"count":0,"href":"https:\/\/www.radiopresidenteibanez.cl\/web\/wp-json\/wp\/v2\/posts\/5057\/revisions"}],"wp:featuredmedia":[{"embeddable":true,"href":"https:\/\/www.radiopresidenteibanez.cl\/web\/wp-json\/wp\/v2\/media\/5058"}],"wp:attachment":[{"href":"https:\/\/www.radiopresidenteibanez.cl\/web\/wp-json\/wp\/v2\/media?parent=5057"}],"wp:term":[{"taxonomy":"category","embeddable":true,"href":"https:\/\/www.radiopresidenteibanez.cl\/web\/wp-json\/wp\/v2\/categories?post=5057"},{"taxonomy":"post_tag","embeddable":true,"href":"https:\/\/www.radiopresidenteibanez.cl\/web\/wp-json\/wp\/v2\/tags?post=5057"}],"curies":[{"name":"wp","href":"https:\/\/api.w.org\/{rel}","templated":true}]}}