{"id":50567,"date":"2024-08-14T08:23:37","date_gmt":"2024-08-14T11:23:37","guid":{"rendered":"https:\/\/www.radiopresidenteibanez.cl\/web\/?p=50567"},"modified":"2024-08-14T08:23:42","modified_gmt":"2024-08-14T11:23:42","slug":"cormag-rinde-cuenta-publica-destacando-el-lanzamiento-de-los-reglamentos-para-presentar-iniciativas","status":"publish","type":"post","link":"https:\/\/www.radiopresidenteibanez.cl\/web\/cormag-rinde-cuenta-publica-destacando-el-lanzamiento-de-los-reglamentos-para-presentar-iniciativas\/","title":{"rendered":"CORMAG RINDE CUENTA PUBLICA DESTACANDO EL LANZAMIENTO DE LOS REGLAMENTOS PARA PRESENTAR INICIATIVAS"},"content":{"rendered":"\n<p>En una ceremonia significativa, la Corporaci\u00f3n de Desarrollo de Magallanes y de la Ant\u00e1rtica Chilena (CORMAG) realiz\u00f3 su primera cuenta p\u00fablica, contando con la presencia de autoridades, empresarios, representantes del sector p\u00fablico y privado, estudiantes y miembros de la<br>comunidad. El evento, enmarcado en un ambiente magall\u00e1nico con m\u00fasica local,<br>subray\u00f3 los logros alcanzados y los desaf\u00edos futuros de la corporaci\u00f3n.<\/p>\n\n\n\n<p>La cuenta p\u00fablica destac\u00f3 el lanzamiento oficial de los reglamentos para la<br>presentaci\u00f3n de iniciativas, que estar\u00e1n disponibles desde hoy, 13 de agosto,<br>para su descarga y postulaci\u00f3n en l\u00ednea en la p\u00e1gina web de la CORMAG. Este<br>paso marca un hito en la operaci\u00f3n de corporaci\u00f3n facilitando el acceso a los<br>procedimientos normativos y promoviendo la participaci\u00f3n activa de la comunidad<br>en la generaci\u00f3n de proyectos.<\/p>\n\n\n\n<p>Entre los logros m\u00e1s destacados, se subray\u00f3 la aprobaci\u00f3n de reglamentos<br>normativos esenciales, como el Reglamento para la presentaci\u00f3n de iniciativas, el<br>Reglamento de \u00c9tica y el Reglamento de Administraci\u00f3n y Rendici\u00f3n de<br>Presupuesto, los cuales establecen un marco s\u00f3lido para el funcionamiento de la<\/p>\n\n\n\n<p>corporaci\u00f3n. Asimismo, se resalt\u00f3 la efectividad en los procesos administrativos<br>para la instalaci\u00f3n y operatividad de la oficina de CORMAG, con la selecci\u00f3n de<br>personal t\u00e9cnico especializado y la implementaci\u00f3n de plataformas digitales, lo<br>que ha mejorado significativamente la disponibilidad y acceso a la informaci\u00f3n<br>relevante para la comunidad<\/p>\n\n\n\n<p>La vinculaci\u00f3n abierta y permanente con la comunidad, servicios p\u00fablicos y<br>empresas privadas, fue otro de los hitos clave alcanzados durante este per\u00edodo.<br>Este di\u00e1logo constante ha permitido a CORMAG organizar eventos culturales y de<br>mentor\u00eda, como lo ser\u00e1 la exposici\u00f3n fotogr\u00e1fica \u00abUn recorrido por el tiempo\u00bb y el<br>programa Red de mentores para emprendedores, el cual nace por una alianza con<br>HUB Fpyme de Corfo, con el objetivo de conectar a emprendedores y empresarios<br>con profesionales de vasta experiencia que trabajan en las empresas socias de la<br>CORMAG, fortaleciendo as\u00ed los lazos con la comunidad y apoyando el desarrollo<br>local.<\/p>\n\n\n\n<p>En cuanto a los avances realizados, la gerente general destac\u00f3 la ejecuci\u00f3n de<br>asambleas generales ordinarias y extraordinarias, donde se aprobaron<br>reglamentos y avances trimestrales, enfatizando la activa participaci\u00f3n de socios y<br>directorio CORMAG.<\/p>\n\n\n\n<p>\u00abHoy damos un paso firme hacia la consolidaci\u00f3n de nuestra corporaci\u00f3n, no s\u00f3lo<br>presentando los avances y desaf\u00edos de nuestro primer per\u00edodo, sino tambi\u00e9n<br>lanzando los reglamentos que permitir\u00e1n a todos los interesados presentar sus<br>iniciativas de manera transparente y eficiente. La participaci\u00f3n de la comunidad es<br>clave para el desarrollo de nuestra regi\u00f3n, y en CORMAG estamos comprometidos<br>a apoyar cada propuesta que contribuya a ese objetivo\u201d, enfatiz\u00f3 Yenny Oyarzo,<br>Gerenta General de la CORMAG.<\/p>\n\n\n\n<p>Por su parte el Gobernador Regional, Jorge Flies A\u00f1\u00f3n, destac\u00f3 el importante rol<br>de la coporaci\u00f3n, mencionando que, \u201cla CORMAG como corporaci\u00f3n es la \u00fanica<\/p>\n\n\n\n<p>oportunidad que tiene el Estado de Chile a trav\u00e9s de instituciones p\u00fablicas, de<br>trabajar estrechamente con el mundo privado y social en proyectos y<br>financiamientos. Esto tiene un alcance que puede ser productivo, social e inclusive<br>administrativo\u201d.<\/p>\n","protected":false},"excerpt":{"rendered":"<p>En una ceremonia significativa, la Corporaci\u00f3n de Desarrollo de Magallanes y de la Ant\u00e1rtica Chilena (CORMAG) realiz\u00f3 su primera cuenta p\u00fablica, contando con la presencia de autoridades, empresarios, representantes del&#8230; <a class=\"read-more\" href=\"https:\/\/www.radiopresidenteibanez.cl\/web\/cormag-rinde-cuenta-publica-destacando-el-lanzamiento-de-los-reglamentos-para-presentar-iniciativas\/\">Leer m\u00e1s<\/a><\/p>\n","protected":false},"author":2,"featured_media":50568,"comment_status":"closed","ping_status":"closed","sticky":false,"template":"","format":"standard","meta":{"footnotes":""},"categories":[1],"tags":[],"class_list":["post-50567","post","type-post","status-publish","format-standard","has-post-thumbnail","hentry","category-cronica"],"_links":{"self":[{"href":"https:\/\/www.radiopresidenteibanez.cl\/web\/wp-json\/wp\/v2\/posts\/50567","targetHints":{"allow":["GET"]}}],"collection":[{"href":"https:\/\/www.radiopresidenteibanez.cl\/web\/wp-json\/wp\/v2\/posts"}],"about":[{"href":"https:\/\/www.radiopresidenteibanez.cl\/web\/wp-json\/wp\/v2\/types\/post"}],"author":[{"embeddable":true,"href":"https:\/\/www.radiopresidenteibanez.cl\/web\/wp-json\/wp\/v2\/users\/2"}],"replies":[{"embeddable":true,"href":"https:\/\/www.radiopresidenteibanez.cl\/web\/wp-json\/wp\/v2\/comments?post=50567"}],"version-history":[{"count":0,"href":"https:\/\/www.radiopresidenteibanez.cl\/web\/wp-json\/wp\/v2\/posts\/50567\/revisions"}],"wp:featuredmedia":[{"embeddable":true,"href":"https:\/\/www.radiopresidenteibanez.cl\/web\/wp-json\/wp\/v2\/media\/50568"}],"wp:attachment":[{"href":"https:\/\/www.radiopresidenteibanez.cl\/web\/wp-json\/wp\/v2\/media?parent=50567"}],"wp:term":[{"taxonomy":"category","embeddable":true,"href":"https:\/\/www.radiopresidenteibanez.cl\/web\/wp-json\/wp\/v2\/categories?post=50567"},{"taxonomy":"post_tag","embeddable":true,"href":"https:\/\/www.radiopresidenteibanez.cl\/web\/wp-json\/wp\/v2\/tags?post=50567"}],"curies":[{"name":"wp","href":"https:\/\/api.w.org\/{rel}","templated":true}]}}