{"id":50561,"date":"2024-08-13T17:57:00","date_gmt":"2024-08-13T20:57:00","guid":{"rendered":"https:\/\/www.radiopresidenteibanez.cl\/web\/?p=50561"},"modified":"2024-08-13T11:34:04","modified_gmt":"2024-08-13T14:34:04","slug":"mop-lanza-segundo-paquete-de-licitaciones-por-1-2-billones-de-pesos-para-materializacion-de-obras-publicas","status":"publish","type":"post","link":"https:\/\/www.radiopresidenteibanez.cl\/web\/mop-lanza-segundo-paquete-de-licitaciones-por-1-2-billones-de-pesos-para-materializacion-de-obras-publicas\/","title":{"rendered":"MOP LANZA SEGUNDO PAQUETE DE LICITACIONES POR 1.2 BILLONES DE PESOS PARA MATERIALIZACION DE OBRAS PUBLICAS"},"content":{"rendered":"\n<p>La ministra de Obras P\u00fablicas, Jessica L\u00f3pez, se reuni\u00f3 hoy con m\u00e1s de 150 empresas de la industria de la construcci\u00f3n a quienes present\u00f3 la cartera de proyectos que el MOP licitar\u00e1 durante lo que queda del a\u00f1o. Se trata de obras que el MOP ejecuta con su presupuesto de inversi\u00f3n y no incluye la cartera de Concesiones.<\/p>\n\n\n\n<p>Ante los empresarios, la ministra L\u00f3pez destac\u00f3 que se trata de 488 licitaciones entre obras, estudios y asesor\u00edas que en conjunto significar\u00e1n una inversi\u00f3n del ministerio de 1.2 millones de pesos.<\/p>\n\n\n\n<p>\u201cEsta actividad es bien importante para nosotros porque estamos lanzando el segundo paquete de licitaciones de los proyectos del Ministerio a lo largo de todo Chile y de todas las direcciones, y a la vez dar cuenta de lo que ha sido el desempe\u00f1o del Ministerio, en relaci\u00f3n con el paquete de licitaciones que se lanz\u00f3 en el pasado mes de marzo. Estamos con un buen desempe\u00f1o, una buena ejecuci\u00f3n presupuestaria, mejorando nuestros procesos externos, haciendo cambios reglamentarios que permitan mejorar los procesos de ejecuci\u00f3n y en la relaci\u00f3n con nuestros contratistas\u201d, indic\u00f3 la ministra L\u00f3pez.<\/p>\n\n\n\n<p>De las licitaciones anunciadas, 47 corresponden a la Direcci\u00f3n de Arquitectura por un total de 172 mil millones; 32 a la Direcci\u00f3n de Obras Hidr\u00e1ulicas por un monto de 37 mil millones; 81 a la subdirecci\u00f3n de Servicios Sanitarios Rurales por m\u00e1s de 150 mil millones; 34 iniciativas de la Direcci\u00f3n de Obras Portuarias por 65 mil millones; 22 licitaciones de la Direcci\u00f3n de Aeropuertos por 64 mil millones, y 272 de la Direcci\u00f3n de Vialidad por m\u00e1s de 700 mil millones.<\/p>\n\n\n\n<p>Entre los proyectos destacados que se licitar\u00e1n este semestre, la ministra L\u00f3pez destac\u00f3 la licitaci\u00f3n del Centro Cultural Gabriela Mistral en la Regi\u00f3n Metropolitana; la conservaci\u00f3n de la pista del aer\u00f3dromo Teniente Marsh, en la Ant\u00e1rtica Chilena; el mejoramiento de la Ruta R-86, sector Los Sauces \u2013Traigu\u00e9n, en la Regi\u00f3n de La Araucan\u00eda; la reposici\u00f3n del Liceo San Jos\u00e9 del Carmen en la Regi\u00f3n de O\u00b4Higgins; las obras de conservaci\u00f3n de riberas y obras de riego fiscales a lo largo del pa\u00eds; la conservaci\u00f3n del borde costero y caletas de Isla de Pascua; y el mejoramiento y ampliaci\u00f3n del sistema de Agua Potable Rural de El Rosario, entre otros.<\/p>\n\n\n\n<p>En ese sentido, la ministra destac\u00f3 que el impacto inmediato de este plan de licitaciones es la generaci\u00f3n de empleo. \u201cEn algunos casos es un impacto bastante r\u00e1pido, como en las licitaciones de estudios. Esos estudios son generaci\u00f3n de empleo. Es un empleo probablemente muy calificado, de ingenier\u00eda, de participaci\u00f3n ciudadana, de aspectos ambientales, en fin. Y tambi\u00e9n est\u00e1n las licitaciones de obras, donde el empleo es el empleo propiamente de la construcci\u00f3n, que es mucho m\u00e1s masivo\u201d.<\/p>\n\n\n\n<p>La ministra de Obras P\u00fablicas tambi\u00e9n hizo un balance del primer paquete de licitaciones presentado en marzo pasado donde destac\u00f3 que se hab\u00edan comprometido 680 y se terminaron realizando 740 por un total de 1.6 billones.<\/p>\n\n\n\n<p>En este sentido, destac\u00f3 que si bien han bajado de manera importante la cantidad de licitaciones desiertas, sigue siendo una preocupaci\u00f3n para el ministerio. \u201cEstamos haciendo una revisi\u00f3n bien detallada de eso. Entendemos que los presupuestos despu\u00e9s del periodo de pandemia y la situaci\u00f3n econ\u00f3mica y el desajuste econ\u00f3mico que vivimos todav\u00eda no se ha normalizado, por lo tanto, entendemos que las empresas quieran cautelar su situaci\u00f3n financiera y, por lo tanto, incorporan un mayor colch\u00f3n financiero de resguardo\u201d.<\/p>\n\n\n\n<p>En la actividad, particip\u00f3 de manera presencial el Seremi de Obras P\u00fablicas, Jos\u00e9 Luis Hern\u00e1ndez, quien destac\u00f3 que: \u00abLa Regi\u00f3n ha alcanzado un nivel de cumplimiento del presupuesto por sobre el nivel Nacional, esto a la fecha se refleja en el 52 % de ejecuci\u00f3n, un 12% m\u00e1s que el a\u00f1o 2023 a igual fecha. El seguir avanzando en esta l\u00ednea es prioridad para nuestro Ministerio, mantener obras en desarrollo y mano de obra con ocupaci\u00f3n durante todo el a\u00f1o siguen siendo una de nuestras pol\u00edticas p\u00fablicas que nos permiten llegar a la comunidad\u00bb.<\/p>\n","protected":false},"excerpt":{"rendered":"<p>La ministra de Obras P\u00fablicas, Jessica L\u00f3pez, se reuni\u00f3 hoy con m\u00e1s de 150 empresas de la industria de la construcci\u00f3n a quienes present\u00f3 la cartera de proyectos que el&#8230; <a class=\"read-more\" href=\"https:\/\/www.radiopresidenteibanez.cl\/web\/mop-lanza-segundo-paquete-de-licitaciones-por-1-2-billones-de-pesos-para-materializacion-de-obras-publicas\/\">Leer m\u00e1s<\/a><\/p>\n","protected":false},"author":2,"featured_media":50562,"comment_status":"closed","ping_status":"closed","sticky":false,"template":"","format":"standard","meta":{"footnotes":""},"categories":[1],"tags":[],"class_list":["post-50561","post","type-post","status-publish","format-standard","has-post-thumbnail","hentry","category-cronica"],"_links":{"self":[{"href":"https:\/\/www.radiopresidenteibanez.cl\/web\/wp-json\/wp\/v2\/posts\/50561","targetHints":{"allow":["GET"]}}],"collection":[{"href":"https:\/\/www.radiopresidenteibanez.cl\/web\/wp-json\/wp\/v2\/posts"}],"about":[{"href":"https:\/\/www.radiopresidenteibanez.cl\/web\/wp-json\/wp\/v2\/types\/post"}],"author":[{"embeddable":true,"href":"https:\/\/www.radiopresidenteibanez.cl\/web\/wp-json\/wp\/v2\/users\/2"}],"replies":[{"embeddable":true,"href":"https:\/\/www.radiopresidenteibanez.cl\/web\/wp-json\/wp\/v2\/comments?post=50561"}],"version-history":[{"count":0,"href":"https:\/\/www.radiopresidenteibanez.cl\/web\/wp-json\/wp\/v2\/posts\/50561\/revisions"}],"wp:featuredmedia":[{"embeddable":true,"href":"https:\/\/www.radiopresidenteibanez.cl\/web\/wp-json\/wp\/v2\/media\/50562"}],"wp:attachment":[{"href":"https:\/\/www.radiopresidenteibanez.cl\/web\/wp-json\/wp\/v2\/media?parent=50561"}],"wp:term":[{"taxonomy":"category","embeddable":true,"href":"https:\/\/www.radiopresidenteibanez.cl\/web\/wp-json\/wp\/v2\/categories?post=50561"},{"taxonomy":"post_tag","embeddable":true,"href":"https:\/\/www.radiopresidenteibanez.cl\/web\/wp-json\/wp\/v2\/tags?post=50561"}],"curies":[{"name":"wp","href":"https:\/\/api.w.org\/{rel}","templated":true}]}}